{"id":7507,"date":"2017-09-10T08:31:10","date_gmt":"2017-09-10T06:31:10","guid":{"rendered":"http:\/\/www.messinaoggi.it\/website\/?p=7507"},"modified":"2017-09-10T08:31:10","modified_gmt":"2017-09-10T06:31:10","slug":"eccellenza-oggi-a-marullo-camaro-citta-di-scordia","status":"publish","type":"post","link":"https:\/\/www.messinaoggi.it\/website\/2017\/09\/10\/eccellenza-oggi-a-marullo-camaro-citta-di-scordia\/","title":{"rendered":"Eccellenza, oggi a &quot;Marullo&quot; Camaro-Citt\u00e0 di Scordia"},"content":{"rendered":"<p style=\"text-align: justify\">Esordio stagionale in\u00a0Eccellenza per il Camaro,\u00a0che domani\u00a0pomeriggio al\u00a0&#8220;Marullo&#8221; (calcio d&#8217;inizio alle 15.30)\u00a0contro il Citt\u00e0 di Scordia.\u00a0Per l&#8217;occasione il tecnico Antonio Alacqua\u00a0ritrova\u00a0il jolly\u00a0Fabio Campo, che ha smaltito i fastidi muscolari delle scorse settimane, e il centrocampista Angelo Falcone, tornato a disposizione dopo aver superato il problema inguinale accusato alla vigilia\u00a0della Coppa Italia. Ancora indisponibile, invece, Andrea Visconti, ai box per un infortunio alla caviglia.<div id=\"div-gpt-ad-Messinaoggi.it-DSK-300x250-corpoart\" style=\"text-align:center;margin:0 auto;\"><\/div><\/p>\n<p style=\"text-align: justify\">Camaro-Citt\u00e0 di Scordia sar\u00e0 arbitrato da\u00a0Tonino Fiore della sezione di Paola, coadiuvato dagli assistenti Alessandro Gennuso e Davide Di Dio, entrambi della sezione di Caltanissetta.<br \/>\nDi seguito\u00a0gli atleti convocati dal Camaro.<br \/>\n<strong>Portieri<\/strong>: Alfredo Giorgianni, Ivan Mannino.<br \/>\n<strong>Difensori<\/strong>: Fabio Campo, Alberto Cappello, Angelo Falcone, Alberto Mondello, Daniele Morabito, Davide Pettinato.<br \/>\n<strong>Centrocampisti<\/strong>: Daniele Ancione, Andrea Ardiri, Roberto Assenzio, Alessandro Bonamonte, Gianluca Gazz\u00e8, Francesco Munaf\u00f2, Ruben Zappal\u00e0.<br \/>\n<strong>Attaccanti<\/strong>: Roberto Brigand\u00ec, Marco Paludetti, Pasquale Princi, Piero Sturniolo, Michele Velardi.<div id=\"videoincontent\" style=\"clear:both\";><\/div><\/p>\n<p> <\/p>\n","protected":false},"excerpt":{"rendered":"<p>Esordio stagionale in\u00a0Eccellenza per il Camaro,\u00a0che domani\u00a0pomeriggio al\u00a0&#8220;Marullo&#8221; (calcio d&#8217;inizio alle 15.30)\u00a0contro il Citt\u00e0 di Scordia.\u00a0Per l&#8217;occasione il tecnico Antonio Alacqua\u00a0ritrova\u00a0il jolly\u00a0Fabio Campo, che ha smaltito i fastidi muscolari delle scorse settimane, e il centrocampista Angelo Falcone, tornato a disposizione dopo aver superato il problema inguinale accusato alla vigilia\u00a0della Coppa Italia. Ancora indisponibile, invece, Andrea [&hellip;]<\/p>\n","protected":false},"author":9,"featured_media":7508,"comment_status":"closed","ping_status":"open","sticky":false,"template":"","format":"standard","meta":{"ub_ctt_via":"","_mi_skip_tracking":false},"categories":[10,9],"tags":[],"featured_image_src":"https:\/\/www.messinaoggi.it\/website\/wp-content\/uploads\/2017\/09\/Zappala-Ruben-2.jpg","author_info":{"display_name":"Roberto Santoro","author_link":"https:\/\/www.messinaoggi.it\/website\/author\/r-santoro\/"},"digistream_id":0,"digistream":false,"_links":{"self":[{"href":"https:\/\/www.messinaoggi.it\/website\/wp-json\/wp\/v2\/posts\/7507"}],"collection":[{"href":"https:\/\/www.messinaoggi.it\/website\/wp-json\/wp\/v2\/posts"}],"about":[{"href":"https:\/\/www.messinaoggi.it\/website\/wp-json\/wp\/v2\/types\/post"}],"author":[{"embeddable":true,"href":"https:\/\/www.messinaoggi.it\/website\/wp-json\/wp\/v2\/users\/9"}],"replies":[{"embeddable":true,"href":"https:\/\/www.messinaoggi.it\/website\/wp-json\/wp\/v2\/comments?post=7507"}],"version-history":[{"count":0,"href":"https:\/\/www.messinaoggi.it\/website\/wp-json\/wp\/v2\/posts\/7507\/revisions"}],"wp:featuredmedia":[{"embeddable":true,"href":"https:\/\/www.messinaoggi.it\/website\/wp-json\/wp\/v2\/media\/7508"}],"wp:attachment":[{"href":"https:\/\/www.messinaoggi.it\/website\/wp-json\/wp\/v2\/media?parent=7507"}],"wp:term":[{"taxonomy":"category","embeddable":true,"href":"https:\/\/www.messinaoggi.it\/website\/wp-json\/wp\/v2\/categories?post=7507"},{"taxonomy":"post_tag","embeddable":true,"href":"https:\/\/www.messinaoggi.it\/website\/wp-json\/wp\/v2\/tags?post=7507"}],"curies":[{"name":"wp","href":"https:\/\/api.w.org\/{rel}","templated":true}]}}