{"id":75037,"date":"2021-07-30T15:07:33","date_gmt":"2021-07-30T13:07:33","guid":{"rendered":"https:\/\/www.messinaoggi.it\/website\/2021\/07\/30\/universita-ecampus-andel-nasce-il-master-per-disability-job-supporter\/"},"modified":"2021-07-30T15:07:33","modified_gmt":"2021-07-30T13:07:33","slug":"universita-ecampus-andel-nasce-il-master-per-disability-job-supporter","status":"publish","type":"post","link":"https:\/\/www.messinaoggi.it\/website\/2021\/07\/30\/universita-ecampus-andel-nasce-il-master-per-disability-job-supporter\/","title":{"rendered":"Universit\u00e0 eCampus-Andel, nasce il Master per \u201cDisability Job Supporter\u201d"},"content":{"rendered":"<div>ROMA (ITALPRESS) &#8211; L&#8217;Universit\u00e0 degli Studi eCampus e ANDEL &#8211; Agenzia Nazionale Disabilit\u00e0 e Lavoro hanno firmato un Protocollo d&#8217;Intesa per promuovere una cooperazione sul piano culturale, scientifico e didattico in materia di disabilit\u00e0 e lavoro.<br \/>L&#8217;accordo prevede l&#8217;attivazione di un Master di I Livello &#8211; che si caratterizza per la sua unicit\u00e0 nel panorama dell&#8217;offerta formativa nazionale e per l&#8217;ampio ventaglio di sbocchi professionali &#8211; per &#8220;Disability Job Supporter&#8221; (DJS), figura esperta nell&#8217;accompagnare la persona dalla scuola al mondo del lavoro e supportare l&#8217;azienda sia nell&#8217;assolvimento degli obblighi previsti dalla L.68\/99 &#8220;Norme per il diritto al lavoro dei disabili&#8221; che nella gestione della disabilit\u00e0 all&#8217;interno della stessa, ai fini di creare un rapporto ottimale fra la disabilit\u00e0, il lavoro e i servizi dedicati; la realizzazione di una docenza sui temi della disabilit\u00e0\/lavoro e la partecipazione ad attivit\u00e0 di ricerca. Previsto lo svolgimento di un convegno nella sede romana di eCampus nella primavera del 2022; la divulgazione delle iniziative comuni sui rispettivi siti web; la messa a disposizione dell&#8217;Agenzia, presso le sedi dell&#8217;Universit\u00e0 eCampus di Roma e Milano, di spazi per lo svolgimento delle attivit\u00e0 istituzionali di ANDEL, oltre ad una unit\u00e0 lavorativa con funzioni di segreteria presso la sede eCampus di Milano. <br \/>&#8220;L&#8217;accordo firmato oggi da ANDEL con uno dei principali e pi\u00f9 qualificati atenei online d&#8217;Italia &#8211; dichiara il Presidente di ANDEL, Enrico Seta &#8211; \u00e8 importante non solo per ANDEL, ma soprattutto per il futuro dell&#8217;inclusione lavorativa delle persone con disabilit\u00e0, che soffrono oggi in Italia le conseguenze della mancanza di figure professionali in grado di aiutarle nel loro percorso verso il mercato del lavoro. Gli atenei hanno un ruolo importante nella formazione di questi professionisti della &#8216;mediazione della disabilit\u00e0-lavor\u00f2. <br \/>ANDEL ed eCampus si mettono oggi insieme per realizzare un ambizioso progetto formativo e culturale&#8221;.<br \/>&#8220;La collaborazione fra eCampus e ANDEL \u00e8 fondata su un terreno comune di valori e di finalit\u00e0 &#8211; sottolinea il Direttore generale di eCampus, Alfonso Lovito &#8211;  che ci consente di operare con un approccio innovativo, prima di tutto culturale, rispetto al tema del lavoro e della disabilit\u00e0. L&#8217;educazione a distanza e l&#8217;e-learning, propri del nostro Ateneo, agevoleranno ancor di pi\u00f9 una formazione finalizzata all&#8217;inclusione effettiva della persona, a sua volta strettamente legata alle reali esigenze del mercato del lavoro&#8221;.<br \/>(ITALPRESS).<\/div>\n<div id=\"div-gpt-ad-Messinaoggi.it-DSK-300x250-corpoart\" style=\"text-align:center;margin:0 auto;\"><\/div><\/p><div id=\"videoincontent\" style=\"clear:both\";><\/div>","protected":false},"excerpt":{"rendered":"<p>ROMA (ITALPRESS) &#8211; L&#8217;Universit\u00e0 degli Studi eCampus e ANDEL &#8211; Agenzia Nazionale Disabilit\u00e0 e Lavoro hanno firmato un Protocollo d&#8217;Intesa per promuovere una cooperazione sul piano culturale, scientifico e didattico in materia di disabilit\u00e0 e lavoro.L&#8217;accordo prevede l&#8217;attivazione di un Master di I Livello &#8211; che si caratterizza per la sua unicit\u00e0 nel panorama dell&#8217;offerta [&hellip;]<\/p>\n","protected":false},"author":18,"featured_media":75038,"comment_status":"closed","ping_status":"closed","sticky":false,"template":"","format":"standard","meta":{"ub_ctt_via":"","_mi_skip_tracking":false},"categories":[446],"tags":[783],"featured_image_src":"https:\/\/www.messinaoggi.it\/website\/wp-content\/uploads\/2021\/07\/20210730_1218.jpg","author_info":{"display_name":"Admin","author_link":"https:\/\/www.messinaoggi.it\/website\/author\/admin\/"},"digistream_id":0,"digistream":false,"_links":{"self":[{"href":"https:\/\/www.messinaoggi.it\/website\/wp-json\/wp\/v2\/posts\/75037"}],"collection":[{"href":"https:\/\/www.messinaoggi.it\/website\/wp-json\/wp\/v2\/posts"}],"about":[{"href":"https:\/\/www.messinaoggi.it\/website\/wp-json\/wp\/v2\/types\/post"}],"author":[{"embeddable":true,"href":"https:\/\/www.messinaoggi.it\/website\/wp-json\/wp\/v2\/users\/18"}],"replies":[{"embeddable":true,"href":"https:\/\/www.messinaoggi.it\/website\/wp-json\/wp\/v2\/comments?post=75037"}],"version-history":[{"count":0,"href":"https:\/\/www.messinaoggi.it\/website\/wp-json\/wp\/v2\/posts\/75037\/revisions"}],"wp:featuredmedia":[{"embeddable":true,"href":"https:\/\/www.messinaoggi.it\/website\/wp-json\/wp\/v2\/media\/75038"}],"wp:attachment":[{"href":"https:\/\/www.messinaoggi.it\/website\/wp-json\/wp\/v2\/media?parent=75037"}],"wp:term":[{"taxonomy":"category","embeddable":true,"href":"https:\/\/www.messinaoggi.it\/website\/wp-json\/wp\/v2\/categories?post=75037"},{"taxonomy":"post_tag","embeddable":true,"href":"https:\/\/www.messinaoggi.it\/website\/wp-json\/wp\/v2\/tags?post=75037"}],"curies":[{"name":"wp","href":"https:\/\/api.w.org\/{rel}","templated":true}]}}