{"id":75025,"date":"2021-07-30T13:07:36","date_gmt":"2021-07-30T11:07:36","guid":{"rendered":"https:\/\/www.messinaoggi.it\/website\/2021\/07\/30\/a-luglio-inflazione-in-accelerazione\/"},"modified":"2021-07-30T13:07:36","modified_gmt":"2021-07-30T11:07:36","slug":"a-luglio-inflazione-in-accelerazione","status":"publish","type":"post","link":"https:\/\/www.messinaoggi.it\/website\/2021\/07\/30\/a-luglio-inflazione-in-accelerazione\/","title":{"rendered":"A luglio inflazione in accelerazione"},"content":{"rendered":"<div>ROMA (ITALPRESS) &#8211; Secondo le stime preliminari dell&#8217;Istat, a luglio l&#8217;indice nazionale dei prezzi al consumo per l&#8217;intera collettivit\u00e0, al lordo dei tabacchi, registra un aumento dello 0,3% su base mensile e dell&#8217;1,8% su base annua (da +1,3% del mese precedente). Secondo l&#8217;Istituto la forte accelerazione dell&#8217;inflazione a luglio \u00e8 di nuovo dovuta ai prezzi dei beni energetici, in particolare di quelli regolamentati, che registrano cos\u00ec la crescita pi\u00f9 alta dal 1996, ossia da quando \u00e8 disponibile la serie storica degli indici dei prezzi al consumo di questo aggregato (il valore pi\u00f9 alto fu pari +16,2% a dicembre 2008). Seppur in misura contenuta, una maggiore vivacit\u00e0 dell&#8217;inflazione si manifesta per\u00f2 anche in altri comparti merceologici, determinando cos\u00ec una ripresa anche dell&#8217;inflazione di fondo che rimane comunque un terzo di quella generale. L&#8217;inflazione acquisita per il 2021 \u00e8 pari a +1,5% per l&#8217;indice generale e a +0,8% per la componente di fondo.<br \/>(ITALPRESS).<\/div>\n<div id=\"div-gpt-ad-Messinaoggi.it-DSK-300x250-corpoart\" style=\"text-align:center;margin:0 auto;\"><\/div><\/p><div id=\"videoincontent\" style=\"clear:both\";><\/div>","protected":false},"excerpt":{"rendered":"<p>ROMA (ITALPRESS) &#8211; Secondo le stime preliminari dell&#8217;Istat, a luglio l&#8217;indice nazionale dei prezzi al consumo per l&#8217;intera collettivit\u00e0, al lordo dei tabacchi, registra un aumento dello 0,3% su base mensile e dell&#8217;1,8% su base annua (da +1,3% del mese precedente). Secondo l&#8217;Istituto la forte accelerazione dell&#8217;inflazione a luglio \u00e8 di nuovo dovuta ai prezzi [&hellip;]<\/p>\n","protected":false},"author":18,"featured_media":75026,"comment_status":"closed","ping_status":"closed","sticky":false,"template":"","format":"standard","meta":{"ub_ctt_via":"","_mi_skip_tracking":false},"categories":[446],"tags":[783],"featured_image_src":"https:\/\/www.messinaoggi.it\/website\/wp-content\/uploads\/2021\/07\/20210730_0568.jpg","author_info":{"display_name":"Admin","author_link":"https:\/\/www.messinaoggi.it\/website\/author\/admin\/"},"digistream_id":0,"digistream":false,"_links":{"self":[{"href":"https:\/\/www.messinaoggi.it\/website\/wp-json\/wp\/v2\/posts\/75025"}],"collection":[{"href":"https:\/\/www.messinaoggi.it\/website\/wp-json\/wp\/v2\/posts"}],"about":[{"href":"https:\/\/www.messinaoggi.it\/website\/wp-json\/wp\/v2\/types\/post"}],"author":[{"embeddable":true,"href":"https:\/\/www.messinaoggi.it\/website\/wp-json\/wp\/v2\/users\/18"}],"replies":[{"embeddable":true,"href":"https:\/\/www.messinaoggi.it\/website\/wp-json\/wp\/v2\/comments?post=75025"}],"version-history":[{"count":0,"href":"https:\/\/www.messinaoggi.it\/website\/wp-json\/wp\/v2\/posts\/75025\/revisions"}],"wp:featuredmedia":[{"embeddable":true,"href":"https:\/\/www.messinaoggi.it\/website\/wp-json\/wp\/v2\/media\/75026"}],"wp:attachment":[{"href":"https:\/\/www.messinaoggi.it\/website\/wp-json\/wp\/v2\/media?parent=75025"}],"wp:term":[{"taxonomy":"category","embeddable":true,"href":"https:\/\/www.messinaoggi.it\/website\/wp-json\/wp\/v2\/categories?post=75025"},{"taxonomy":"post_tag","embeddable":true,"href":"https:\/\/www.messinaoggi.it\/website\/wp-json\/wp\/v2\/tags?post=75025"}],"curies":[{"name":"wp","href":"https:\/\/api.w.org\/{rel}","templated":true}]}}