{"id":74999,"date":"2021-07-30T10:03:10","date_gmt":"2021-07-30T08:03:10","guid":{"rendered":"http:\/\/www.messinaoggi.it\/website\/?p=74999"},"modified":"2021-07-30T10:03:11","modified_gmt":"2021-07-30T08:03:11","slug":"invasione-di-ratti-a-san-licandro-e-dintorni","status":"publish","type":"post","link":"https:\/\/www.messinaoggi.it\/website\/2021\/07\/30\/invasione-di-ratti-a-san-licandro-e-dintorni\/","title":{"rendered":"Invasione di ratti a San Licandro e dintorni"},"content":{"rendered":"\n<p>\u201cProblemi igienico sanitari si registrano nel rione San Licandro Basso e nel vicino Viale Regina Elena per la presenza di grossi ratti che hanno letteralmente invaso l&#8217;intera zona e parte del Viale Regina Elena\u201d. A denunciarlo in una nota \u00e8 il Consigliere della V Municipalit\u00e0 Franco Laimo che ha immediatamente richiesto un intervento straordinario al Dipartimento Sanit\u00e0.<div id=\"div-gpt-ad-Messinaoggi.it-DSK-300x250-corpoart\" style=\"text-align:center;margin:0 auto;\"><\/div><\/p>\n\n\n\n<p>La questione \u00e8 stata inoltre trattata durante i lavori della 2a Commissione Consiliare in data 29 luglio 2021, presieduta proprio dal Consigliere Laimo. Gi\u00e0 negli scorsi mesi si era verificata la presenza di colonie di roditori nei pressi di alcune attivit\u00e0 commerciali del Viale Regina Elena e lo stesso Laimo aveva richiesto immediato intervento; adesso, complice anche l&#8217;elevata temperatura, nuove colonie hanno creato il proprio habitat proprio al di sotto di un muro di cinta del Viale Regina Elena, e per di pi\u00f9 in diverse altre zone del rione sudamericano.<div id=\"videoincontent\" style=\"clear:both\";><\/div><\/p>\n\n\n\n<p>\u201cSvariate le lamentele da parte di residenti e commercianti della zona, &#8211; ha dichiarato Laimo &#8211; che hanno subito vere e proprie invasioni all&#8217; interno di negozi ed abitazioni, registrando anche il problema dello smaltimento degli stessi ratti una volta catturati attraverso i classici metodi\u201d.<\/p>\n\n\n\n<p>\u201cNon solo San Licandro, ma purtroppo svariate altre zone del territorio circoscrizionale necessitano di interventi improcrastinabili di derattizzazione, fra Giostra, Annunziata, Viale della Libert\u00e0 ed i Rioni Matteotti e Sant&#8217;Elena\u201d, ha concluso.<\/p>\n","protected":false},"excerpt":{"rendered":"<p>\u201cProblemi igienico sanitari si registrano nel rione San Licandro Basso e nel vicino Viale Regina Elena per la presenza di grossi ratti che hanno letteralmente invaso l&#8217;intera zona e parte del Viale Regina Elena\u201d. A denunciarlo in una nota \u00e8 il Consigliere della V Municipalit\u00e0 Franco Laimo che ha immediatamente richiesto un intervento straordinario al [&hellip;]<\/p>\n","protected":false},"author":8,"featured_media":75000,"comment_status":"open","ping_status":"open","sticky":false,"template":"","format":"standard","meta":{"ub_ctt_via":"","_mi_skip_tracking":false},"categories":[5],"tags":[1792,2665,1176],"featured_image_src":"https:\/\/www.messinaoggi.it\/website\/wp-content\/uploads\/2021\/07\/topo-morto.jpg","author_info":{"display_name":"red..me","author_link":"https:\/\/www.messinaoggi.it\/website\/author\/redstage\/"},"digistream_id":0,"digistream":false,"_links":{"self":[{"href":"https:\/\/www.messinaoggi.it\/website\/wp-json\/wp\/v2\/posts\/74999"}],"collection":[{"href":"https:\/\/www.messinaoggi.it\/website\/wp-json\/wp\/v2\/posts"}],"about":[{"href":"https:\/\/www.messinaoggi.it\/website\/wp-json\/wp\/v2\/types\/post"}],"author":[{"embeddable":true,"href":"https:\/\/www.messinaoggi.it\/website\/wp-json\/wp\/v2\/users\/8"}],"replies":[{"embeddable":true,"href":"https:\/\/www.messinaoggi.it\/website\/wp-json\/wp\/v2\/comments?post=74999"}],"version-history":[{"count":1,"href":"https:\/\/www.messinaoggi.it\/website\/wp-json\/wp\/v2\/posts\/74999\/revisions"}],"predecessor-version":[{"id":75001,"href":"https:\/\/www.messinaoggi.it\/website\/wp-json\/wp\/v2\/posts\/74999\/revisions\/75001"}],"wp:featuredmedia":[{"embeddable":true,"href":"https:\/\/www.messinaoggi.it\/website\/wp-json\/wp\/v2\/media\/75000"}],"wp:attachment":[{"href":"https:\/\/www.messinaoggi.it\/website\/wp-json\/wp\/v2\/media?parent=74999"}],"wp:term":[{"taxonomy":"category","embeddable":true,"href":"https:\/\/www.messinaoggi.it\/website\/wp-json\/wp\/v2\/categories?post=74999"},{"taxonomy":"post_tag","embeddable":true,"href":"https:\/\/www.messinaoggi.it\/website\/wp-json\/wp\/v2\/tags?post=74999"}],"curies":[{"name":"wp","href":"https:\/\/api.w.org\/{rel}","templated":true}]}}