{"id":74681,"date":"2021-07-28T11:03:57","date_gmt":"2021-07-28T09:03:57","guid":{"rendered":"http:\/\/www.messinaoggi.it\/website\/?p=74681"},"modified":"2021-07-28T11:04:00","modified_gmt":"2021-07-28T09:04:00","slug":"torrente-papardo-seduta-in-commissione-per-affrontare-le-criticita","status":"publish","type":"post","link":"https:\/\/www.messinaoggi.it\/website\/2021\/07\/28\/torrente-papardo-seduta-in-commissione-per-affrontare-le-criticita\/","title":{"rendered":"Torrente Papardo, seduta in Commissione per affrontare le criticit\u00e0"},"content":{"rendered":"\n<p>Seduta in Commissione per discutere dei problemi del torrente Papardo. La III Commissione consiliare, presieduta dal Consigliere comunale Giovanni Scavello, facendo seguito alla seduta dello scorso 14 aprile, \u00e8 tornata ad affrontare le criticit\u00e0 che si registrano nel torrente Papardo, in localit\u00e0 c\/da Carcarazza, ascoltando il Presidente della VI Municipalit\u00e0, Maurizio Mangraviti, che da anni ormai attenziona le problematiche della zona, il geometra Rodilosso del Dipartimento della Protezione Civile e Fabrizio Mancuso in rappresentanza dei residenti.<div id=\"div-gpt-ad-Messinaoggi.it-DSK-300x250-corpoart\" style=\"text-align:center;margin:0 auto;\"><\/div><\/p>\n\n\n\n<p>Il Presidente Mangraviti ha avuto modo di evidenziare, in primo luogo, le condizioni di pericolo in cui versa l\u2019alveo del torrente, che \u00e8 privo di copertura e viene utilizzato, di fatto, dai residenti della zona come viabilit\u00e0 per l\u2019accesso alle proprie residenze. Il Presidente della VI Municipalit\u00e0, unitamente al rappresentante dei residenti Mancuso, ha inoltre evidenziato che l\u2019alveo \u00e8 ingombro da rifiuti e vegetazione che ostacolano il regolare deflusso delle acque meteoriche e che inoltre, nell\u2019ultimo mese, hanno provocato il divampare di incendi nella zona. Il geometra Rodilosso ha riferito ai presenti che, con riferimento alla zona di interesse della Commissione, esiste la progettazione in fase esecutiva della copertura e della regimentazione delle acque e sistemazione della viabilit\u00e0, ma che, tuttavia, l\u2019iter realizzativo \u00e8 ancora lungo e non suscettibile di dare risposte a breve alle criticit\u00e0 segnalate.<div id=\"videoincontent\" style=\"clear:both\";><\/div><\/p>\n\n\n\n<p>Appreso tale stato di cose, la Commissione si \u00e8 determinata nel sollecitare tutti i competenti organi comunali e regionali al fine di trovare soluzioni per eliminare la pericolosit\u00e0 dello stato dei luoghi, alla luce di quanto emerso dai lavori d\u2019Aula. \u00c8 emerso dal dibattito infatti che le problematiche di che trattasi non interessano solo i residenti, ma rappresentano una grave fonte di pericolo per alcune infrastrutture pubbliche quali l\u2019Ospedale Papardo, il Polo CNR ed il campo di rugby Arturo Sciavicco che sono posti a valle del tratto in argomento.<\/p>\n","protected":false},"excerpt":{"rendered":"<p>Seduta in Commissione per discutere dei problemi del torrente Papardo. La III Commissione consiliare, presieduta dal Consigliere comunale Giovanni Scavello, facendo seguito alla seduta dello scorso 14 aprile, \u00e8 tornata ad affrontare le criticit\u00e0 che si registrano nel torrente Papardo, in localit\u00e0 c\/da Carcarazza, ascoltando il Presidente della VI Municipalit\u00e0, Maurizio Mangraviti, che da anni [&hellip;]<\/p>\n","protected":false},"author":8,"featured_media":496,"comment_status":"open","ping_status":"open","sticky":false,"template":"","format":"standard","meta":{"ub_ctt_via":"","_mi_skip_tracking":false},"categories":[4],"tags":[2635,2634],"featured_image_src":"https:\/\/www.messinaoggi.it\/website\/wp-content\/uploads\/2017\/05\/Palazzo-Zanca-2.jpg","author_info":{"display_name":"red..me","author_link":"https:\/\/www.messinaoggi.it\/website\/author\/redstage\/"},"digistream_id":0,"digistream":false,"_links":{"self":[{"href":"https:\/\/www.messinaoggi.it\/website\/wp-json\/wp\/v2\/posts\/74681"}],"collection":[{"href":"https:\/\/www.messinaoggi.it\/website\/wp-json\/wp\/v2\/posts"}],"about":[{"href":"https:\/\/www.messinaoggi.it\/website\/wp-json\/wp\/v2\/types\/post"}],"author":[{"embeddable":true,"href":"https:\/\/www.messinaoggi.it\/website\/wp-json\/wp\/v2\/users\/8"}],"replies":[{"embeddable":true,"href":"https:\/\/www.messinaoggi.it\/website\/wp-json\/wp\/v2\/comments?post=74681"}],"version-history":[{"count":1,"href":"https:\/\/www.messinaoggi.it\/website\/wp-json\/wp\/v2\/posts\/74681\/revisions"}],"predecessor-version":[{"id":74682,"href":"https:\/\/www.messinaoggi.it\/website\/wp-json\/wp\/v2\/posts\/74681\/revisions\/74682"}],"wp:featuredmedia":[{"embeddable":true,"href":"https:\/\/www.messinaoggi.it\/website\/wp-json\/wp\/v2\/media\/496"}],"wp:attachment":[{"href":"https:\/\/www.messinaoggi.it\/website\/wp-json\/wp\/v2\/media?parent=74681"}],"wp:term":[{"taxonomy":"category","embeddable":true,"href":"https:\/\/www.messinaoggi.it\/website\/wp-json\/wp\/v2\/categories?post=74681"},{"taxonomy":"post_tag","embeddable":true,"href":"https:\/\/www.messinaoggi.it\/website\/wp-json\/wp\/v2\/tags?post=74681"}],"curies":[{"name":"wp","href":"https:\/\/api.w.org\/{rel}","templated":true}]}}