{"id":74531,"date":"2021-07-27T10:15:28","date_gmt":"2021-07-27T08:15:28","guid":{"rendered":"http:\/\/www.messinaoggi.it\/website\/?p=74531"},"modified":"2021-07-27T10:15:29","modified_gmt":"2021-07-27T08:15:29","slug":"ruba-unauto-29enne-in-manette","status":"publish","type":"post","link":"https:\/\/www.messinaoggi.it\/website\/2021\/07\/27\/ruba-unauto-29enne-in-manette\/","title":{"rendered":"Ruba un\u2019auto: 29enne in manette"},"content":{"rendered":"\n<p>Dovr\u00e0 rispondere del reato di furto aggravato un 29enne originario della provincia di Catania (C.L.L. le sue iniziali), in quanto sorpreso dai carabinieri della Stazione di San Fratello mentre rubava, nella notte, un\u2019auto a Sant\u2019Agata Militello.<div id=\"div-gpt-ad-Messinaoggi.it-DSK-300x250-corpoart\" style=\"text-align:center;margin:0 auto;\"><\/div><\/p>\n\n\n\n<p>A seguito di una segnalazione che denunciava il furto di auto, sono scattate le ricerche da parte delle pattuglie dei carabinieri impegnate nei servizi di controllo del territorio nella zona.<div id=\"videoincontent\" style=\"clear:both\";><\/div><\/p>\n\n\n\n<p>Poco dopo, intorno alle 4 del mattino, i carabinieri della Stazione di San Fratello hanno intercettato l\u2019auto rubata, mentre percorreva un tratto della SS 289 che da San Fratello porta a Cesar\u00f2. Alla vista dei militari, il conducente ha accelerato la velocit\u00e0 nel tentativo di darsi alla fuga. Ne \u00e8 scaturito pertanto un breve inseguimento al termine del quale l\u2019uomo, vedendosi ormai raggiunto dalla pattuglia dei carabinieri, ha abbandonato il veicolo tentando di far perdere le proprie tracce fuggendo a piedi attraverso i boschi. L\u2019uomo, tuttavia, \u00e8 stato bloccato dai miliatri. Sottoposto a perquisizione personale e veicolare, il 29enne \u00e8 stato trovato in possesso di un passamontagna ancora indossato al momento del fermo, di un coltello a serramanico, nonch\u00e9 di due grimaldelli artigianali verosimilmente utilizzati per aprire l\u2019autovettura e avviarne l\u2019accensione del motore.<\/p>\n\n\n\n<p>L\u2019attrezzatura rinvenuta \u00e8 stata sequestrata e C.L.L.  \u00e8 stato arrestato in quanto ritenuto responsabile del reato di furto aggravato ed ultimate le formalit\u00e0 di rito, su disposizione del Sostituto Procuratore di turno presso la Procura della Repubblica di Patti, \u00e8 stato condotto presso il carcere di Messina Gazzi, a disposizione dell\u2019Autorit\u00e0 Giudiziaria.<\/p>\n","protected":false},"excerpt":{"rendered":"<p>Dovr\u00e0 rispondere del reato di furto aggravato un 29enne originario della provincia di Catania (C.L.L. le sue iniziali), in quanto sorpreso dai carabinieri della Stazione di San Fratello mentre rubava, nella notte, un\u2019auto a Sant\u2019Agata Militello. A seguito di una segnalazione che denunciava il furto di auto, sono scattate le ricerche da parte delle pattuglie [&hellip;]<\/p>\n","protected":false},"author":8,"featured_media":71923,"comment_status":"open","ping_status":"open","sticky":false,"template":"","format":"standard","meta":{"ub_ctt_via":"","_mi_skip_tracking":false},"categories":[13,18],"tags":[673],"featured_image_src":"https:\/\/www.messinaoggi.it\/website\/wp-content\/uploads\/2021\/07\/CARABINIERI-4.jpg","author_info":{"display_name":"red..me","author_link":"https:\/\/www.messinaoggi.it\/website\/author\/redstage\/"},"digistream_id":0,"digistream":false,"_links":{"self":[{"href":"https:\/\/www.messinaoggi.it\/website\/wp-json\/wp\/v2\/posts\/74531"}],"collection":[{"href":"https:\/\/www.messinaoggi.it\/website\/wp-json\/wp\/v2\/posts"}],"about":[{"href":"https:\/\/www.messinaoggi.it\/website\/wp-json\/wp\/v2\/types\/post"}],"author":[{"embeddable":true,"href":"https:\/\/www.messinaoggi.it\/website\/wp-json\/wp\/v2\/users\/8"}],"replies":[{"embeddable":true,"href":"https:\/\/www.messinaoggi.it\/website\/wp-json\/wp\/v2\/comments?post=74531"}],"version-history":[{"count":1,"href":"https:\/\/www.messinaoggi.it\/website\/wp-json\/wp\/v2\/posts\/74531\/revisions"}],"predecessor-version":[{"id":74532,"href":"https:\/\/www.messinaoggi.it\/website\/wp-json\/wp\/v2\/posts\/74531\/revisions\/74532"}],"wp:featuredmedia":[{"embeddable":true,"href":"https:\/\/www.messinaoggi.it\/website\/wp-json\/wp\/v2\/media\/71923"}],"wp:attachment":[{"href":"https:\/\/www.messinaoggi.it\/website\/wp-json\/wp\/v2\/media?parent=74531"}],"wp:term":[{"taxonomy":"category","embeddable":true,"href":"https:\/\/www.messinaoggi.it\/website\/wp-json\/wp\/v2\/categories?post=74531"},{"taxonomy":"post_tag","embeddable":true,"href":"https:\/\/www.messinaoggi.it\/website\/wp-json\/wp\/v2\/tags?post=74531"}],"curies":[{"name":"wp","href":"https:\/\/api.w.org\/{rel}","templated":true}]}}