{"id":74402,"date":"2021-07-26T11:47:51","date_gmt":"2021-07-26T09:47:51","guid":{"rendered":"https:\/\/www.messinaoggi.it\/website\/2021\/07\/26\/universita-palermo-al-via-congresso-internazionale-di-germanistica\/"},"modified":"2021-07-26T11:47:51","modified_gmt":"2021-07-26T09:47:51","slug":"universita-palermo-al-via-congresso-internazionale-di-germanistica","status":"publish","type":"post","link":"https:\/\/www.messinaoggi.it\/website\/2021\/07\/26\/universita-palermo-al-via-congresso-internazionale-di-germanistica\/","title":{"rendered":"Universit\u00e0 Palermo, al via Congresso internazionale di Germanistica"},"content":{"rendered":"<div>\n<p>PALERMO (ITALPRESS) \u2013 Ha preso il via, a Palermo, il XIV Congresso della Internationale Vereinigung fur Germanistik, il congresso dell\u2019Associazione Internazionale di Germanistica. A inaugurare i lavori, che dureranno fino a sabato 31 luglio presso l\u2019Universit\u00e0 degli Studi di Palermo, il rettore Fabrizio Micari e il sindaco Leoluca Orlando che hanno accolto i docenti universitari e i dottori di ricerca provenienti da oltre sessanta nazioni del mondo. Il tema di questa edizione, ospitata dal capoluogo siciliano, riguarda i \u201cPercorsi della germanistica in prospettiva transculturale\u201d e il programma prevede 64 sezioni divise nelle aree linguistica tedesca, letteratura e cultura dei paesi germanofoni e didattica della lingua tedesca. <br \/>Nel corso dell\u2019incontro che ha aperto i lavori, Micari ha voluto sottolineare l\u2019apertura all\u2019internazionalit\u00e0 di Unipa: \u201cE\u2019 un congresso importante che raccoglie germanisti da tutto il mondo, per noi \u00e8 una vetrina fondamentale da un punto di vista internazionale per aprire nuovi rapporti di collaborazione \u2013 ha sottolineato il Rettore all\u2019Italpress \u2013 E\u2019 un settore in cui siamo particolarmente forti. E\u2019 la dimostrazione di quanto Palermo conti a livello internazionale. Finalmente torniamo ad avere una conferenza in presenza, anche se molta gente non pu\u00f2 essere qui. Siamo aperti all\u2019internazionalit\u00e0 ed \u00e8 una grande opportunit\u00e0 quella degli studi germanistici \u2013 ha aggiunto nel corso del suo discorso di apertura \u2013 L\u2019idea \u00e8 di aprire nel modo pi\u00f9 importante possibile le porte del nostro ateneo. Vogliamo creare ancor pi\u00f9 congressi e pi\u00f9 progetti del genere\u201d. <br \/>L\u2019iniziativa, finanziata con il sostegno del Fondo sociale europeo della Regione Sicilia (programmazione 2014-2020), \u00e8 strettamente collegata con la visione interculturale voluta dall\u2019amministrazione Orlando: \u201cMigliaia di studiosi da tutto il mondo a Palermo per discutere della germanistica oggi, tanto nei paesi nei quali il tedesco \u00e8 la lingua madre, tanto nei paesi in cui, come l\u2019Italia e dunque Palermo, non lo \u00e8 \u2013 ha sottolineato il primo cittadino all\u2019Italpress -. Palermo ha una prestigiosa tradizione per quanto riguarda la germanistica e di recente questa si \u00e8 collegata con la cultura francese con la prima residenza artistica italo-franco-tedesca. E\u2019 un\u2019ulteriore conferma di una internazionalizzazione della citt\u00e0 \u2013 ha rivendicato Orlando \u2013 dovuta in particolare agli studiosi della nostra prestigiosa Universit\u00e0\u201d. <br \/>(ITALPRESS).<div id=\"div-gpt-ad-Messinaoggi.it-DSK-300x250-corpoart\" style=\"text-align:center;margin:0 auto;\"><\/div><\/p>\n<\/div>\n<div id=\"videoincontent\" style=\"clear:both\";><\/div>","protected":false},"excerpt":{"rendered":"<p>PALERMO (ITALPRESS) \u2013 Ha preso il via, a Palermo, il XIV Congresso della Internationale Vereinigung fur Germanistik, il congresso dell\u2019Associazione Internazionale di Germanistica. A inaugurare i lavori, che dureranno fino a sabato 31 luglio presso l\u2019Universit\u00e0 degli Studi di Palermo, il rettore Fabrizio Micari e il sindaco Leoluca Orlando che hanno accolto i docenti universitari [&hellip;]<\/p>\n","protected":false},"author":18,"featured_media":74403,"comment_status":"closed","ping_status":"closed","sticky":false,"template":"","format":"standard","meta":{"ub_ctt_via":"","_mi_skip_tracking":false},"categories":[2449],"tags":[783],"featured_image_src":"https:\/\/www.messinaoggi.it\/website\/wp-content\/uploads\/2021\/07\/20210726_0393.jpg","author_info":{"display_name":"Admin","author_link":"https:\/\/www.messinaoggi.it\/website\/author\/admin\/"},"digistream_id":0,"digistream":false,"_links":{"self":[{"href":"https:\/\/www.messinaoggi.it\/website\/wp-json\/wp\/v2\/posts\/74402"}],"collection":[{"href":"https:\/\/www.messinaoggi.it\/website\/wp-json\/wp\/v2\/posts"}],"about":[{"href":"https:\/\/www.messinaoggi.it\/website\/wp-json\/wp\/v2\/types\/post"}],"author":[{"embeddable":true,"href":"https:\/\/www.messinaoggi.it\/website\/wp-json\/wp\/v2\/users\/18"}],"replies":[{"embeddable":true,"href":"https:\/\/www.messinaoggi.it\/website\/wp-json\/wp\/v2\/comments?post=74402"}],"version-history":[{"count":0,"href":"https:\/\/www.messinaoggi.it\/website\/wp-json\/wp\/v2\/posts\/74402\/revisions"}],"wp:featuredmedia":[{"embeddable":true,"href":"https:\/\/www.messinaoggi.it\/website\/wp-json\/wp\/v2\/media\/74403"}],"wp:attachment":[{"href":"https:\/\/www.messinaoggi.it\/website\/wp-json\/wp\/v2\/media?parent=74402"}],"wp:term":[{"taxonomy":"category","embeddable":true,"href":"https:\/\/www.messinaoggi.it\/website\/wp-json\/wp\/v2\/categories?post=74402"},{"taxonomy":"post_tag","embeddable":true,"href":"https:\/\/www.messinaoggi.it\/website\/wp-json\/wp\/v2\/tags?post=74402"}],"curies":[{"name":"wp","href":"https:\/\/api.w.org\/{rel}","templated":true}]}}