{"id":74195,"date":"2021-07-24T11:29:48","date_gmt":"2021-07-24T09:29:48","guid":{"rendered":"http:\/\/www.messinaoggi.it\/website\/?p=74195"},"modified":"2021-07-24T11:29:49","modified_gmt":"2021-07-24T09:29:49","slug":"imprese-arriva-la-scuola-di-formazione-anpit","status":"publish","type":"post","link":"https:\/\/www.messinaoggi.it\/website\/2021\/07\/24\/imprese-arriva-la-scuola-di-formazione-anpit\/","title":{"rendered":"Imprese, arriva la scuola di formazione Anpit"},"content":{"rendered":"\n<p>Tre giorni di eventi per la nascita di \u201cApotheke, strumenti per l\u2019economia ed il lavoro\u201d la scuola di formazione Anpit destinata ad imprenditori e professionisti. Anpit Sicilia tra i protagonisti della manifestazione.<div id=\"div-gpt-ad-Messinaoggi.it-DSK-300x250-corpoart\" style=\"text-align:center;margin:0 auto;\"><\/div><\/p>\n\n\n\n<p>Il futuro delle imprese passa dalla capacit\u00e0 di affrontare crisi e sfide, cogliendo opportunit\u00e0 che in questo momento riguardano l\u2019intera Europa. \u00c8 con questi obiettivi che ad Orvieto \u00e8 nata la scuola di formazione di Anpit &#8211; Azienda Italia, dove Anpit Sicilia \u00e8 stata tra i protagonisti dell\u2019evento che si \u00e8 tenuto nel Palazzo del Capitano del Popolo.<div id=\"videoincontent\" style=\"clear:both\";><\/div><\/p>\n\n\n\n<p>Tre giorni, destinati alle imprese ed ai professionisti, per parlare di formazione economica e giuridica, innovazione, occupazione e welfare. Anpit Sicilia ha dato il suo apporto al dibattito grazie agli interventi di Lidia Dimasi (presidente Anpit Sicilia) che si \u00e8 soffermata sulla crisi d\u2019impresa, Giovanni Greco (presidente Anpit Catania) che ha affrontato tematiche legate alla contrattazione collettiva nazionale ed Attilio Parisi (Anpit Caltanissetta) che \u00e8 intervenuto su occupazione e nuove politiche attive.<\/p>\n\n\n\n<p>\u201cLa formazione \u00e8 la piattaforma di partenza verso il futuro &#8211; ha dichiarato la presidente Anpit Sicilia Lidia Dimasi &#8211; e con la tre giorni di Orvieto abbiamo messo a disposizione delle imprese strumenti indispensabili per attraversare il difficile momento e guardare avanti con fiducia\u201d.<\/p>\n\n\n\n<p>Tra le tematiche affrontate anche il codice della crisi d\u2019impresa e d\u2019insolvenza, una riforma a lungo attesa ma che adesso deve fare i conti con la pandemia e con un contesto drammatico per gli imprenditori. \u00c8 stato il dottor Fabrizio Vigorita ad approfondire i vari aspetti normativi e innovativi del codice della crisi d\u2019impresa, la cui entrata in vigore \u00e8 slittata alla primavera del 2022 per consentire le modifiche scaturite dalle conseguenze della pandemia.<\/p>\n\n\n\n<p>\u201cLa riforma \u00e8 un cantiere in continua evoluzione &#8211; prosegue Dimasi &#8211; Stiamo parlando di una vera e propria rivoluzione rispetto al passato. Si ispira alla rescue culture, la cultura del salvataggio dell\u2019impresa, assicurando un bilanciamento tra i valori della continuit\u00e0 dell\u2019impresa da un lato e la tutela dei creditori e dei lavoratori dall\u2019altro. Grazie alla ministra Cartabia c\u2019\u00e8 una Commissione che sta affrontando le conseguenze di un contesto di crisi che richiede modifiche al testo normativo. L\u2019obiettivo \u00e8 consentire alle imprese sane ma in condizioni di difficolt\u00e0 economico-finanziaria, di ristrutturarsi per evitare l\u2019insolvenza, salvaguardando il valore aziendale e l\u2019attivit\u00e0, e nel contempo dare all\u2019Imprenditore onesto che fallisce una seconda chance\u201d.<\/p>\n","protected":false},"excerpt":{"rendered":"<p>Tre giorni di eventi per la nascita di \u201cApotheke, strumenti per l\u2019economia ed il lavoro\u201d la scuola di formazione Anpit destinata ad imprenditori e professionisti. Anpit Sicilia tra i protagonisti della manifestazione. Il futuro delle imprese passa dalla capacit\u00e0 di affrontare crisi e sfide, cogliendo opportunit\u00e0 che in questo momento riguardano l\u2019intera Europa. \u00c8 con [&hellip;]<\/p>\n","protected":false},"author":8,"featured_media":74196,"comment_status":"open","ping_status":"open","sticky":false,"template":"","format":"standard","meta":{"ub_ctt_via":"","_mi_skip_tracking":false},"categories":[5],"tags":[1146,1921,2602],"featured_image_src":"https:\/\/www.messinaoggi.it\/website\/wp-content\/uploads\/2021\/07\/lidia-dimasi.jpg","author_info":{"display_name":"red..me","author_link":"https:\/\/www.messinaoggi.it\/website\/author\/redstage\/"},"digistream_id":0,"digistream":false,"_links":{"self":[{"href":"https:\/\/www.messinaoggi.it\/website\/wp-json\/wp\/v2\/posts\/74195"}],"collection":[{"href":"https:\/\/www.messinaoggi.it\/website\/wp-json\/wp\/v2\/posts"}],"about":[{"href":"https:\/\/www.messinaoggi.it\/website\/wp-json\/wp\/v2\/types\/post"}],"author":[{"embeddable":true,"href":"https:\/\/www.messinaoggi.it\/website\/wp-json\/wp\/v2\/users\/8"}],"replies":[{"embeddable":true,"href":"https:\/\/www.messinaoggi.it\/website\/wp-json\/wp\/v2\/comments?post=74195"}],"version-history":[{"count":1,"href":"https:\/\/www.messinaoggi.it\/website\/wp-json\/wp\/v2\/posts\/74195\/revisions"}],"predecessor-version":[{"id":74197,"href":"https:\/\/www.messinaoggi.it\/website\/wp-json\/wp\/v2\/posts\/74195\/revisions\/74197"}],"wp:featuredmedia":[{"embeddable":true,"href":"https:\/\/www.messinaoggi.it\/website\/wp-json\/wp\/v2\/media\/74196"}],"wp:attachment":[{"href":"https:\/\/www.messinaoggi.it\/website\/wp-json\/wp\/v2\/media?parent=74195"}],"wp:term":[{"taxonomy":"category","embeddable":true,"href":"https:\/\/www.messinaoggi.it\/website\/wp-json\/wp\/v2\/categories?post=74195"},{"taxonomy":"post_tag","embeddable":true,"href":"https:\/\/www.messinaoggi.it\/website\/wp-json\/wp\/v2\/tags?post=74195"}],"curies":[{"name":"wp","href":"https:\/\/api.w.org\/{rel}","templated":true}]}}