{"id":74059,"date":"2021-07-23T13:02:33","date_gmt":"2021-07-23T11:02:33","guid":{"rendered":"https:\/\/www.messinaoggi.it\/website\/2021\/07\/23\/imprese-cna-sicilia-premiata-come-prima-in-italia-per-adesioni\/"},"modified":"2021-07-23T13:02:33","modified_gmt":"2021-07-23T11:02:33","slug":"imprese-cna-sicilia-premiata-come-prima-in-italia-per-adesioni","status":"publish","type":"post","link":"https:\/\/www.messinaoggi.it\/website\/2021\/07\/23\/imprese-cna-sicilia-premiata-come-prima-in-italia-per-adesioni\/","title":{"rendered":"Imprese, Cna Sicilia premiata come prima in Italia per adesioni"},"content":{"rendered":"<div>\n<p>ROMA (ITALPRESS) \u2013 Anche durante la pandemia non si \u00e8 tirata indietro. Anzi, la Cna ha moltiplicato forze e energie per stare accanto agli artigiani, alle piccole e medie imprese, agli operatori economici, a cui ha assicurato assistenza, consulenza, servizi, rappresentanza politico-sindacale e persino conforto psicologico. Un impegno e uno sforzo premiati con le adesioni. Il sigillo ufficiale \u00e8 arrivato con la cerimonia \u201cCna davanti a tutti\u201d che si \u00e8 svolta ieri pomeriggio in un hotel di Roma. La struttura regionale dell\u2019isola \u2013 premiata per avere raccolto le maggiori adesioni di imprese in Italia \u2013 \u00e8 salita sul gradino pi\u00f9 alto del podio, spinta da quasi tutte le nove realt\u00e0 territoriali che hanno ottenuto il segno pi\u00f9 nei risultati legati alle adesioni delle imprese. In particolare si sono distinte, per avere conquistato il primo posto, nel panorama nazionale, le Cna di Palermo e Agrigento, mentre Messina si \u00e8 classificata in terza posizione. Piazzamenti prestigiosi anche per le Cna di Catania, Ragusa, Siracusa, Enna e Caltanissetta. \u201cGrande gioia e soddisfazione \u2013 si legge in una nota \u2013 per il gruppo siciliano, guidato dal presidente Battiato, che ha portato a casa riconoscimenti di natura economica, ma anche targhe e pergamene\u201d. \u201cOrgoglio e apprezzamento\u201d per i traguardi raggiunti ha espresso il vicepresidente nazionale, il ragusano Giuseppe Cascone. A coordinare l\u2019evento Armando Prunecchi, alla presenza della presidenza e della direzione nazionale e delle varie delegazioni Cna provenienti da tutta Italia. In prima fila il segretario Generale, Sergio Silvestrini e il presidente Daniele Vaccarino. (ITALPRESS).<div id=\"div-gpt-ad-Messinaoggi.it-DSK-300x250-corpoart\" style=\"text-align:center;margin:0 auto;\"><\/div><\/p>\n<\/div>\n<div id=\"videoincontent\" style=\"clear:both\";><\/div>","protected":false},"excerpt":{"rendered":"<p>ROMA (ITALPRESS) \u2013 Anche durante la pandemia non si \u00e8 tirata indietro. Anzi, la Cna ha moltiplicato forze e energie per stare accanto agli artigiani, alle piccole e medie imprese, agli operatori economici, a cui ha assicurato assistenza, consulenza, servizi, rappresentanza politico-sindacale e persino conforto psicologico. Un impegno e uno sforzo premiati con le adesioni. [&hellip;]<\/p>\n","protected":false},"author":18,"featured_media":74060,"comment_status":"closed","ping_status":"closed","sticky":false,"template":"","format":"standard","meta":{"ub_ctt_via":"","_mi_skip_tracking":false},"categories":[2449],"tags":[783],"featured_image_src":"https:\/\/www.messinaoggi.it\/website\/wp-content\/uploads\/2021\/07\/foto-cna-sicilia-1-posto.jpg","author_info":{"display_name":"Admin","author_link":"https:\/\/www.messinaoggi.it\/website\/author\/admin\/"},"digistream_id":0,"digistream":false,"_links":{"self":[{"href":"https:\/\/www.messinaoggi.it\/website\/wp-json\/wp\/v2\/posts\/74059"}],"collection":[{"href":"https:\/\/www.messinaoggi.it\/website\/wp-json\/wp\/v2\/posts"}],"about":[{"href":"https:\/\/www.messinaoggi.it\/website\/wp-json\/wp\/v2\/types\/post"}],"author":[{"embeddable":true,"href":"https:\/\/www.messinaoggi.it\/website\/wp-json\/wp\/v2\/users\/18"}],"replies":[{"embeddable":true,"href":"https:\/\/www.messinaoggi.it\/website\/wp-json\/wp\/v2\/comments?post=74059"}],"version-history":[{"count":0,"href":"https:\/\/www.messinaoggi.it\/website\/wp-json\/wp\/v2\/posts\/74059\/revisions"}],"wp:featuredmedia":[{"embeddable":true,"href":"https:\/\/www.messinaoggi.it\/website\/wp-json\/wp\/v2\/media\/74060"}],"wp:attachment":[{"href":"https:\/\/www.messinaoggi.it\/website\/wp-json\/wp\/v2\/media?parent=74059"}],"wp:term":[{"taxonomy":"category","embeddable":true,"href":"https:\/\/www.messinaoggi.it\/website\/wp-json\/wp\/v2\/categories?post=74059"},{"taxonomy":"post_tag","embeddable":true,"href":"https:\/\/www.messinaoggi.it\/website\/wp-json\/wp\/v2\/tags?post=74059"}],"curies":[{"name":"wp","href":"https:\/\/api.w.org\/{rel}","templated":true}]}}