{"id":73553,"date":"2021-07-19T10:26:32","date_gmt":"2021-07-19T08:26:32","guid":{"rendered":"http:\/\/www.messinaoggi.it\/website\/?p=73553"},"modified":"2021-07-19T10:26:33","modified_gmt":"2021-07-19T08:26:33","slug":"accadde-29-anni-fa-litalia-ricorda-paolo-borsellino","status":"publish","type":"post","link":"https:\/\/www.messinaoggi.it\/website\/2021\/07\/19\/accadde-29-anni-fa-litalia-ricorda-paolo-borsellino\/","title":{"rendered":"Accadde 29 anni fa: l\u2019Italia ricorda Paolo Borsellino"},"content":{"rendered":"\n<p>L\u2019Italia ricorda Paolo Borsellino, magistrato simbolo, assieme a Giovanni Falcone, della lotta alla mafia morto per mano criminale. Sono passati infatti 29 anni da quel 19 luglio 1992, giorno in cui Borsellino per\u00ec nella tristemente nota strage di via D\u2019Amelio, a Palermo.<div id=\"div-gpt-ad-Messinaoggi.it-DSK-300x250-corpoart\" style=\"text-align:center;margin:0 auto;\"><\/div><\/p>\n\n\n\n<p>Quella mattina insieme a Paolo Borsellino caddero anche gli agenti della sua scorta, Agostino Catalano, Walter Eddie Cosina, Vincenzo Fabio Li Muli, Emanuela Loi e Claudio Traina. Simbolo di rettitudine ed emblema della lotta alla mafia e ad ogni forma d&#8217;illegalit\u00e0, personalit\u00e0 libera, semplice e schiva, ha unito grandissima professionalit\u00e0 ad un silenzioso ma risoluto ed altrettanto grande senso del dovere.<div id=\"videoincontent\" style=\"clear:both\";><\/div><\/p>\n\n\n\n<p><strong>Mattarella: \u201cOnorarlo \u00e8 un dovere morale\u201d.<\/strong> \u201cLa memoria di quella strage, che ha segnato cos\u00ec profondamente la storia repubblicana, suscita tuttora una immutata commozione, e insieme rinnova la consapevolezza della necessit\u00e0 dell&#8217;impegno comune per sradicare le mafie, per contrastare l&#8217;illegalit\u00e0, per spezzare connivenze e complicit\u00e0 che favoriscono la presenza criminale&#8221;, scrive in un messaggio il presidente della Repubblica, Sergio Mattarella.<\/p>\n\n\n\n<p>&#8220;Paolo Borsellino, e come lui Giovanni Falcone, &#8211; prosegue il presidente della Repubblica &#8211; sapevano bene che la lotta alla mafia richiede una forte collaborazione tra Istituzioni e societ\u00e0. Per questo si sono spesi con ogni energia. Da magistrati hanno espresso altissime qualit\u00e0 professionali. Hanno intrapreso strade nuove, pi\u00f9 efficaci, nelle indagini e nei processi. Hanno testimoniato, da uomini dello Stato, come le mafie possono essere sconfitte, hanno dimostrato che la loro organizzazione, i loro piani possono essere svelati e che i loro capi e i loro sicari possono essere assicurati alla giustizia. Per questo sono stati uccisi\u201d.<\/p>\n\n\n\n<p>\u201cNon si sono mai rassegnati e si sono battuti per la dignit\u00e0 della nostra vita civile. Sono stati e saranno sempre &#8211; sottolinea il capo dello Stato &#8211; un esempio per i cittadini e per i giovani. Tanti importanti risultati nella lotta alle mafie si sono ottenuti negli anni grazie al lavoro di Borsellino e Falcone. La Repubblica \u00e8 vicina ai familiari di Borsellino e ai familiari dei servitori dello Stato, la cui vita \u00e8 stata crudelmente spezzata per colpire le libert\u00e0 di tutti. Onorare quei sacrifici, promuovendo la legalit\u00e0 e la civilt\u00e0, \u00e8 un dovere morale che avvertiamo nelle nostre coscienze\u201d.<\/p>\n\n\n\n<p><strong>Sassoli: \u201cIn Europa rappresenta un modello per la lotta alle mafie\u201d.<\/strong> Anche le istituzioni europee non dimenticano l\u2019impegno profuso da Borsellino, assieme a Falcone, nella lotta alle mafie: \u201cLa strage di via D&#8217;Amelio \u00e8 una ferita ancora aperta e uno dei fatti pi\u00f9 bui della nostra storia\u201d, ha sostenuto il presidente del Parlamento europeo, David Sassoli, in un video messaggio diffuso durante la manifestazione organizzata dal centro studi intestato al magistrato e alla sorella Rita.<\/p>\n\n\n\n<p>\u201cBorsellino &#8211; ha detto Sassoli &#8211; era un giudice che aveva il senso dello Stato, un magistrato scrupoloso, coraggioso nell&#8217;applicazione delle leggi: un esempio su come si deve amministrare la giustizia. Con il suo amico e collega Giovanni Falcone ha incarnato pienamente l&#8217;impegno rispetto ai valori della legalit\u00e0. Ricordare le stragi del 1992 vuol dire anche valorizzare la professionalit\u00e0 e la straordinaria umanit\u00e0 di questi servitori dello Stato animati da principi etico-morali, due persone che amavano la vita, consapevoli dei rischi&#8221;.<\/p>\n\n\n\n<p>\u201cLe loro strategie investigative e il loro metodo di lavoro &#8211; ha aggiunto Sassoli &#8211; continuano a rappresentare un modello virtuoso della lotta alla criminalit\u00e0 organizzata. E proprio la Commissione europea ha lanciato una strategia unitaria per la lotta alla criminalit\u00e0 organizzata facendo un passo avanti verso la cooperazione tra le diverse polizie europee e le autorit\u00e0 giudiziarie dei nostri paesi per condividere dati, informazioni, inchieste&#8221;.<\/p>\n\n\n\n<p>&#8220;Sconfiggere le mafie \u00e8 possibile &#8211; ha concluso &#8211; con scelte appropriate. L&#8217;Europa ha riconosciuto, per esempio, l&#8217;importanza della normativa italiana sulla confisca dei beni e sul loro utilizzo in favore della collettivit\u00e0&#8221;.<\/p>\n\n\n\n<p><strong>Calabr\u00f2 (Barcellona P.G.): \u201cIl suo esempio ci rende orgogliosi\u201d.<\/strong> \u201cIl suo esempio ci rende orgogliosi di appartenere a questa Nazione e indica a tutti la via del coraggio e della legalit\u00e0. \u2013 si legge in una nota del sindaco di Barcellona Pozzo di Gotto Giuseppe Calabr\u00f2 &#8211; Oggi, come ogni anno da quella infame tragedia, torniamo a ricordare Paolo Borsellino, gli agenti della sua scorta e tutti i servitori dello Stato che hanno dato la vita per la legalit\u00e0 e la nostra libert\u00e0\u201d.<\/p>\n\n\n\n<p>Intanto stasera, alle ore 20, si terr\u00e0, per il venticinquesimo anno consecutivo, la tradizionale fiaccolata in memoria delle vittime, in via D&#8217;Amelio. La fiaccolata sar\u00e0 organizzata dal &#8220;Forum 19 Luglio&#8221;, cartello che raggruppa trasversalmente associazioni, movimenti ed istituzioni, e &#8220;Comunit\u00e0 &#8217;92&#8221;, coordinamento che unisce le varie anime della destra siciliana ideatrici della manifestazione.<\/p>\n","protected":false},"excerpt":{"rendered":"<p>L\u2019Italia ricorda Paolo Borsellino, magistrato simbolo, assieme a Giovanni Falcone, della lotta alla mafia morto per mano criminale. Sono passati infatti 29 anni da quel 19 luglio 1992, giorno in cui Borsellino per\u00ec nella tristemente nota strage di via D\u2019Amelio, a Palermo. Quella mattina insieme a Paolo Borsellino caddero anche gli agenti della sua scorta, [&hellip;]<\/p>\n","protected":false},"author":8,"featured_media":4767,"comment_status":"open","ping_status":"open","sticky":false,"template":"","format":"standard","meta":{"ub_ctt_via":"","_mi_skip_tracking":false},"categories":[6],"tags":[2563,2564,2562],"featured_image_src":"https:\/\/www.messinaoggi.it\/website\/wp-content\/uploads\/2017\/07\/strage-via-damelio-morte-giudice-borsellino-2.jpg","author_info":{"display_name":"red..me","author_link":"https:\/\/www.messinaoggi.it\/website\/author\/redstage\/"},"digistream_id":0,"digistream":false,"_links":{"self":[{"href":"https:\/\/www.messinaoggi.it\/website\/wp-json\/wp\/v2\/posts\/73553"}],"collection":[{"href":"https:\/\/www.messinaoggi.it\/website\/wp-json\/wp\/v2\/posts"}],"about":[{"href":"https:\/\/www.messinaoggi.it\/website\/wp-json\/wp\/v2\/types\/post"}],"author":[{"embeddable":true,"href":"https:\/\/www.messinaoggi.it\/website\/wp-json\/wp\/v2\/users\/8"}],"replies":[{"embeddable":true,"href":"https:\/\/www.messinaoggi.it\/website\/wp-json\/wp\/v2\/comments?post=73553"}],"version-history":[{"count":1,"href":"https:\/\/www.messinaoggi.it\/website\/wp-json\/wp\/v2\/posts\/73553\/revisions"}],"predecessor-version":[{"id":73556,"href":"https:\/\/www.messinaoggi.it\/website\/wp-json\/wp\/v2\/posts\/73553\/revisions\/73556"}],"wp:featuredmedia":[{"embeddable":true,"href":"https:\/\/www.messinaoggi.it\/website\/wp-json\/wp\/v2\/media\/4767"}],"wp:attachment":[{"href":"https:\/\/www.messinaoggi.it\/website\/wp-json\/wp\/v2\/media?parent=73553"}],"wp:term":[{"taxonomy":"category","embeddable":true,"href":"https:\/\/www.messinaoggi.it\/website\/wp-json\/wp\/v2\/categories?post=73553"},{"taxonomy":"post_tag","embeddable":true,"href":"https:\/\/www.messinaoggi.it\/website\/wp-json\/wp\/v2\/tags?post=73553"}],"curies":[{"name":"wp","href":"https:\/\/api.w.org\/{rel}","templated":true}]}}