{"id":7315,"date":"2017-09-05T15:30:47","date_gmt":"2017-09-05T13:30:47","guid":{"rendered":"http:\/\/www.messinaoggi.it\/website\/?p=7315"},"modified":"2017-09-05T15:30:47","modified_gmt":"2017-09-05T13:30:47","slug":"intercity-notte-palermo-roma-m5s-e-noicisiamo-insorgono-contro-i-tagli","status":"publish","type":"post","link":"https:\/\/www.messinaoggi.it\/website\/2017\/09\/05\/intercity-notte-palermo-roma-m5s-e-noicisiamo-insorgono-contro-i-tagli\/","title":{"rendered":"Intercity notte Palermo-Roma, M5S e Noicisiamo insorgono contro i tagli"},"content":{"rendered":"<p style=\"text-align: justify\"><span style=\"color: #000000\">\u201c<span style=\"font-family: Arial, sans-serif\"><span style=\"font-size: medium\">L\u2019ennesimo schiaffo alla continuit\u00e0 territoriale dello Stretto, l\u2019ennesimo schiaffo ai siciliani e ai loro diritti. Inaccettabile e scandaloso, cos\u00ec come tutte le ultime scelte fatte da Trenitalia nel Sud Italia\u201d. Lo affermano indignati gli esponenti del Movimento 5 Stelle in Parlamento, Francesco D\u2019Uva e Alessio Villarosa, e all&#8217;Ars, Valentina Zafarana, sul taglio annunciato da RFI per l\u2019intercity notte diretto da Palermo a Roma Termini e viceversa.<\/span><\/span><\/span><div id=\"div-gpt-ad-Messinaoggi.it-DSK-300x250-corpoart\" style=\"text-align:center;margin:0 auto;\"><\/div><\/p>\n<p style=\"text-align: justify\"><span style=\"color: #000000\">\u201c<span style=\"font-family: Arial, sans-serif\"><span style=\"font-size: medium\">Questa \u00e8 una battaglia che portiamo avanti fin da inizio legislatura nonostante i piani alti di Trenitalia continuino a fare orecchie da mercante dinnanzi alle proteste politiche, sindacali e cittadine. Presenteremo una nuova interrogazione al Ministro affinch\u00e9 intervenga, e fattivamente, nel pi\u00f9 breve tempo possibile. Siamo stanchi delle promesse a cui poi non seguono i fatti. Tagliare un intercity notturno significa privare ancor di pi\u00f9 i siciliani del loro diritto alla mobilit\u00e0, significa incrementare ancor di pi\u00f9 l\u2019abisso tra il Nord e il Sud. E noi non possiamo accettarlo\u201d. <\/span><\/span><\/span><div id=\"videoincontent\" style=\"clear:both\";><\/div><\/p>\n<p style=\"text-align: justify\"><span style=\"color: #000000\"><span style=\"font-family: Arial, sans-serif\"><span style=\"font-size: medium\">Sulla stessa lunghezza d&#8217;onda \u00e8 il gruppo consiliare barcellonese #Noicisiamo che mediante il proprio portavoce, Salvatore Imbesi, afferma:\u00a0<\/span><\/span><\/span>\u201c<span style=\"font-size: large\">Sono scelte francamente incomprensibili. Decisioni che offendono la nostra terra e che la emarginano. Tutto questo \u00e8 inaccettabile e non pu\u00f2 passare inosservato. Tutti noi (cittadini, politica e istituzioni) siamo chiamati ad assumerci le nostre responsabilit\u00e0. Messina e Palermo sono ben rappresentate all&#8217;ARS e questo dovr\u00e0 significare un punto di forza in una battaglia che appartiene a tutti noi. Non \u00e8 possibile accettare la soppressione di due collegamenti importantissimi con la capitale\u201d. <\/span><\/p>\n","protected":false},"excerpt":{"rendered":"<p>\u201cL\u2019ennesimo schiaffo alla continuit\u00e0 territoriale dello Stretto, l\u2019ennesimo schiaffo ai siciliani e ai loro diritti. Inaccettabile e scandaloso, cos\u00ec come tutte le ultime scelte fatte da Trenitalia nel Sud Italia\u201d. Lo affermano indignati gli esponenti del Movimento 5 Stelle in Parlamento, Francesco D\u2019Uva e Alessio Villarosa, e all&#8217;Ars, Valentina Zafarana, sul taglio annunciato da RFI [&hellip;]<\/p>\n","protected":false},"author":8,"featured_media":1017,"comment_status":"closed","ping_status":"open","sticky":false,"template":"","format":"standard","meta":{"ub_ctt_via":"","_mi_skip_tracking":false},"categories":[11],"tags":[],"featured_image_src":"https:\/\/www.messinaoggi.it\/website\/wp-content\/uploads\/2017\/05\/treno-stazione-centrale-messina-1-2.jpg","author_info":{"display_name":"red..me","author_link":"https:\/\/www.messinaoggi.it\/website\/author\/redstage\/"},"digistream_id":0,"digistream":false,"_links":{"self":[{"href":"https:\/\/www.messinaoggi.it\/website\/wp-json\/wp\/v2\/posts\/7315"}],"collection":[{"href":"https:\/\/www.messinaoggi.it\/website\/wp-json\/wp\/v2\/posts"}],"about":[{"href":"https:\/\/www.messinaoggi.it\/website\/wp-json\/wp\/v2\/types\/post"}],"author":[{"embeddable":true,"href":"https:\/\/www.messinaoggi.it\/website\/wp-json\/wp\/v2\/users\/8"}],"replies":[{"embeddable":true,"href":"https:\/\/www.messinaoggi.it\/website\/wp-json\/wp\/v2\/comments?post=7315"}],"version-history":[{"count":0,"href":"https:\/\/www.messinaoggi.it\/website\/wp-json\/wp\/v2\/posts\/7315\/revisions"}],"wp:featuredmedia":[{"embeddable":true,"href":"https:\/\/www.messinaoggi.it\/website\/wp-json\/wp\/v2\/media\/1017"}],"wp:attachment":[{"href":"https:\/\/www.messinaoggi.it\/website\/wp-json\/wp\/v2\/media?parent=7315"}],"wp:term":[{"taxonomy":"category","embeddable":true,"href":"https:\/\/www.messinaoggi.it\/website\/wp-json\/wp\/v2\/categories?post=7315"},{"taxonomy":"post_tag","embeddable":true,"href":"https:\/\/www.messinaoggi.it\/website\/wp-json\/wp\/v2\/tags?post=7315"}],"curies":[{"name":"wp","href":"https:\/\/api.w.org\/{rel}","templated":true}]}}