{"id":73108,"date":"2021-07-15T14:02:32","date_gmt":"2021-07-15T12:02:32","guid":{"rendered":"https:\/\/www.messinaoggi.it\/website\/2021\/07\/15\/sicilia-si-riapre-il-confronto-con-il-mef-sullautonomia-finanziaria\/"},"modified":"2021-07-15T14:02:32","modified_gmt":"2021-07-15T12:02:32","slug":"sicilia-si-riapre-il-confronto-con-il-mef-sullautonomia-finanziaria","status":"publish","type":"post","link":"https:\/\/www.messinaoggi.it\/website\/2021\/07\/15\/sicilia-si-riapre-il-confronto-con-il-mef-sullautonomia-finanziaria\/","title":{"rendered":"Sicilia, si riapre il confronto con il Mef sull\u2019autonomia finanziaria"},"content":{"rendered":"<div>\n<p>PALERMO (ITALPRESS) \u2013 Riparte il confronto sulla revisione delle norme di attuazione in materia finanziaria della Regione Siciliana, con l\u2019impegno a definirlo entro pochi mesi e in tempo per la prossima Legge di Bilancio. E\u2019 quanto emerso da un incontro al ministero dell\u2019Economia e delle Finanze tra il ministro Daniele Franco e il vicepresidente e assessore all\u2019Economia della Regione Siciliana, Gaetano Armao.<br \/>All\u2019incontro hanno partecipato anche il sottosegretario Alessandra Sartore, il ragioniere generale dello Stato Biagio Mazzotta, il capo di gabinetto Giuseppe Chin\u00e8 e l\u2019Ispettore generale Salvatore Bilardo.<br \/>Stato e Regione devono raggiungere un accordo per la revisione complessiva delle norme di attuazione in materia finanziaria che consenta di dare piena attuazione agli articoli 36, 37 e 38 dello Statuto siciliano.<br \/>\u201cSi riapre il negoziato sul tema dell\u2019autonomia finanziaria \u2013 spiega il vicepresidente Armao all\u2019Italpress -. Dopo gli accordi della primavera del 2019 c\u2019era stata una stasi, che adesso viene superata. Il ministro Franco \u00e8 stato molto disponibile a definire entro breve tempo il negoziato. Questo vuol dire potere affrontare con serenit\u00e0 i prossimi anni sul piano finanziario, consentendo di riequilibrare uscite ed entrate che oggi risultano disallineate\u201d.<br \/>Tra gli altri temi sul tavolo \u201cla condizione di insularit\u00e0, la fiscalit\u00e0 di sviluppo, i livelli essenziali delle prestazioni. Tutti elementi che ci porteranno entro qualche mese al definitivo superamento delle norme di attuazione che risalgono al 1965. Serve un nuovo assetto delle relazioni finanziarie tra Stato e Regione\u201d, ha aggiunto Armao.<br \/>\u201cIl Governo regionale non chiede prebende o regalie, ma le risorse per garantire, in linea con quanto precisato dalla Corte dei Conti \u2013 si legge nel documento presentato dal vicepresidente della Regione Siciliana al ministro Franco -, all\u2019espletamento delle funzioni statutariamente attribuite ed i livelli essenziali delle prestazioni costituzionalmente riconosciuti ai cittadini siciliani e che con l\u2019attuale gettito \u00e8 divenuto insostenibile.<br \/>Ne discende che oggi non \u00e8 pi\u00f9 procrastinabile tale situazione poich\u00e8 incide sulla costituzionalit\u00e0 dell\u2019assetto delle relazioni finanziarie tra Stato e Regione e tale incostituzionalit\u00e0 non pu\u00f2 che refluire su quella dei documenti statali che ne consolidano i profili di grave criticit\u00e0\u201d.<br \/>\u201cCome recentemente confermato dalle Sezioni Riunite della Corte dei Conti \u2013 prosegue il documento -, lo scostamento tra le previsioni definitive e gli accertamenti registrato nell\u2019esercizio 2019 con riferimento ai tributi devoluti (-481 milioni di euro) e, pi\u00f9 in generale, alle entrate correnti (-543 milioni di euro) di cui le entrate tributarie rappresentano il 72,5%, non appare, tuttavia, coerente con i risultati registrati in ambito statale, le cui previsioni definitive, invero, sono risultate sottostimate rispetto agli accertamenti delle entrate tributarie che, nel complesso, sono cresciute del 2,8% (0,17% nel 2018), con una forte accelerazione, in particolare, delle imposte dirette (3,9% contro la diminuzione dell\u20191,1% del 2018)\u201d.<br \/>Inoltre \u201cla misura dell\u2019incremento delle entrate tributarie, specialmente nel 2019, non si rivela in linea con quello delle stesse entrate al livello statale\u201d. In ogni caso il gettito delle entrate tributarie \u201cnon \u00e8 in grado di trainare significativamente l\u2019incremento delle entrate il cui accrescimento di un punto percentuale corrisponde a circa 1,1 milioni di euro\u201d.<br \/>Il documento evidenzia poi che \u201cla condizione di insularit\u00e0 non determina soltanto un pregiudizio di tipo economico sui cittadini, ma anche sulla Regione e sulle relazioni finanziarie dello Stato che di tale condizione devono tener conto\u201d.<br \/>(ITALPRESS).<div id=\"div-gpt-ad-Messinaoggi.it-DSK-300x250-corpoart\" style=\"text-align:center;margin:0 auto;\"><\/div><\/p>\n<\/div>\n<div id=\"videoincontent\" style=\"clear:both\";><\/div>","protected":false},"excerpt":{"rendered":"<p>PALERMO (ITALPRESS) \u2013 Riparte il confronto sulla revisione delle norme di attuazione in materia finanziaria della Regione Siciliana, con l\u2019impegno a definirlo entro pochi mesi e in tempo per la prossima Legge di Bilancio. E\u2019 quanto emerso da un incontro al ministero dell\u2019Economia e delle Finanze tra il ministro Daniele Franco e il vicepresidente e [&hellip;]<\/p>\n","protected":false},"author":18,"featured_media":73109,"comment_status":"closed","ping_status":"closed","sticky":false,"template":"","format":"standard","meta":{"ub_ctt_via":"","_mi_skip_tracking":false},"categories":[2449],"tags":[783],"featured_image_src":"https:\/\/www.messinaoggi.it\/website\/wp-content\/uploads\/2021\/07\/20210715_0843.jpg","author_info":{"display_name":"Admin","author_link":"https:\/\/www.messinaoggi.it\/website\/author\/admin\/"},"digistream_id":0,"digistream":false,"_links":{"self":[{"href":"https:\/\/www.messinaoggi.it\/website\/wp-json\/wp\/v2\/posts\/73108"}],"collection":[{"href":"https:\/\/www.messinaoggi.it\/website\/wp-json\/wp\/v2\/posts"}],"about":[{"href":"https:\/\/www.messinaoggi.it\/website\/wp-json\/wp\/v2\/types\/post"}],"author":[{"embeddable":true,"href":"https:\/\/www.messinaoggi.it\/website\/wp-json\/wp\/v2\/users\/18"}],"replies":[{"embeddable":true,"href":"https:\/\/www.messinaoggi.it\/website\/wp-json\/wp\/v2\/comments?post=73108"}],"version-history":[{"count":0,"href":"https:\/\/www.messinaoggi.it\/website\/wp-json\/wp\/v2\/posts\/73108\/revisions"}],"wp:featuredmedia":[{"embeddable":true,"href":"https:\/\/www.messinaoggi.it\/website\/wp-json\/wp\/v2\/media\/73109"}],"wp:attachment":[{"href":"https:\/\/www.messinaoggi.it\/website\/wp-json\/wp\/v2\/media?parent=73108"}],"wp:term":[{"taxonomy":"category","embeddable":true,"href":"https:\/\/www.messinaoggi.it\/website\/wp-json\/wp\/v2\/categories?post=73108"},{"taxonomy":"post_tag","embeddable":true,"href":"https:\/\/www.messinaoggi.it\/website\/wp-json\/wp\/v2\/tags?post=73108"}],"curies":[{"name":"wp","href":"https:\/\/api.w.org\/{rel}","templated":true}]}}