{"id":73067,"date":"2021-07-15T08:45:12","date_gmt":"2021-07-15T06:45:12","guid":{"rendered":"http:\/\/www.messinaoggi.it\/website\/?p=73067"},"modified":"2021-07-14T22:07:23","modified_gmt":"2021-07-14T20:07:23","slug":"ancora-incendi-a-camaro-sottomontagna-gioveni-e-cacciotto-urge-intervenire","status":"publish","type":"post","link":"https:\/\/www.messinaoggi.it\/website\/2021\/07\/15\/ancora-incendi-a-camaro-sottomontagna-gioveni-e-cacciotto-urge-intervenire\/","title":{"rendered":"Ancora incendi a Camaro Sottomontagna, Gioveni e Cacciotto: &#8220;Urge intervenire&#8221;"},"content":{"rendered":"\n<p>Ennesimo incendio ieri pomeriggio nelle casette di Camaro Sottomontagna ormai da tempo divenute ricettacolo di spazzatura. Sul tema sono intervenuti i consiglieri di Fratelli d&#8217;Italia Alessandro Cacciotto (terza Municipalit\u00e0) e Libero Gioveni (consiglio comunale), che chiedono un immediato avvio delle operazioni di abbattimento delle baracche e di bonifica dell&#8217;area.<div id=\"div-gpt-ad-Messinaoggi.it-DSK-300x250-corpoart\" style=\"text-align:center;margin:0 auto;\"><\/div><\/p>\n\n\n\n<p>&#8220;Non \u00e8 pi\u00f9 accettabile &#8211; dichiarano &#8211; il rinvio delle operazioni di bonifica, abbattimento delle baracche ormai libere in quanto consegnati gli alloggi e non \u00e8 pi\u00f9 accettabile tenere in un autentica pattumiera a cielo aperto le famiglie di Camaro Sottomontagna rimaste senza un alloggio dignitoso e che hanno diritto ad averlo.<div id=\"videoincontent\" style=\"clear:both\";><\/div><\/p>\n\n\n\n<p>Abbiamo pi\u00f9 volte rappresentato il problema ad Arisme e Messinaservizi. Crediamo che non sia pi\u00f9 possibile aspettare la gente \u00e8 stanca ed ha diritto di vivere in maniera dignitosa. Urge dunque: bonificare l&#8217;area da cumuli e cumuli di spazzatura; abbattere le baracche ormai vuote; consegnare gli alloggi ai residenti di Camaro Sottomontagna che ancora vivono nelle baracche. Non c&#8217;\u00e8 pi\u00f9 tempo da perdere&#8221;.<\/p>\n","protected":false},"excerpt":{"rendered":"<p>Ennesimo incendio ieri pomeriggio nelle casette di Camaro Sottomontagna ormai da tempo divenute ricettacolo di spazzatura. Sul tema sono intervenuti i consiglieri di Fratelli d&#8217;Italia Alessandro Cacciotto (terza Municipalit\u00e0) e Libero Gioveni (consiglio comunale), che chiedono un immediato avvio delle operazioni di abbattimento delle baracche e di bonifica dell&#8217;area. &#8220;Non \u00e8 pi\u00f9 accettabile &#8211; dichiarano [&hellip;]<\/p>\n","protected":false},"author":8,"featured_media":73075,"comment_status":"open","ping_status":"open","sticky":false,"template":"","format":"standard","meta":{"ub_ctt_via":"","_mi_skip_tracking":false},"categories":[5],"tags":[497,2134],"featured_image_src":"https:\/\/www.messinaoggi.it\/website\/wp-content\/uploads\/2021\/07\/IMG-20210714-WA0016.jpg","author_info":{"display_name":"red..me","author_link":"https:\/\/www.messinaoggi.it\/website\/author\/redstage\/"},"digistream_id":0,"digistream":false,"_links":{"self":[{"href":"https:\/\/www.messinaoggi.it\/website\/wp-json\/wp\/v2\/posts\/73067"}],"collection":[{"href":"https:\/\/www.messinaoggi.it\/website\/wp-json\/wp\/v2\/posts"}],"about":[{"href":"https:\/\/www.messinaoggi.it\/website\/wp-json\/wp\/v2\/types\/post"}],"author":[{"embeddable":true,"href":"https:\/\/www.messinaoggi.it\/website\/wp-json\/wp\/v2\/users\/8"}],"replies":[{"embeddable":true,"href":"https:\/\/www.messinaoggi.it\/website\/wp-json\/wp\/v2\/comments?post=73067"}],"version-history":[{"count":1,"href":"https:\/\/www.messinaoggi.it\/website\/wp-json\/wp\/v2\/posts\/73067\/revisions"}],"predecessor-version":[{"id":73079,"href":"https:\/\/www.messinaoggi.it\/website\/wp-json\/wp\/v2\/posts\/73067\/revisions\/73079"}],"wp:featuredmedia":[{"embeddable":true,"href":"https:\/\/www.messinaoggi.it\/website\/wp-json\/wp\/v2\/media\/73075"}],"wp:attachment":[{"href":"https:\/\/www.messinaoggi.it\/website\/wp-json\/wp\/v2\/media?parent=73067"}],"wp:term":[{"taxonomy":"category","embeddable":true,"href":"https:\/\/www.messinaoggi.it\/website\/wp-json\/wp\/v2\/categories?post=73067"},{"taxonomy":"post_tag","embeddable":true,"href":"https:\/\/www.messinaoggi.it\/website\/wp-json\/wp\/v2\/tags?post=73067"}],"curies":[{"name":"wp","href":"https:\/\/api.w.org\/{rel}","templated":true}]}}