{"id":7298,"date":"2017-09-05T09:51:39","date_gmt":"2017-09-05T07:51:39","guid":{"rendered":"http:\/\/www.messinaoggi.it\/website\/?p=7298"},"modified":"2017-09-05T09:51:39","modified_gmt":"2017-09-05T07:51:39","slug":"bucalo-via-montescuderi-ripulita-grazie-a-messinambiente","status":"publish","type":"post","link":"https:\/\/www.messinaoggi.it\/website\/2017\/09\/05\/bucalo-via-montescuderi-ripulita-grazie-a-messinambiente\/","title":{"rendered":"Bucalo: &quot;Via Montescuderi ripulita grazie a Messinambiente&quot;"},"content":{"rendered":"<p>Lavori di scerbatura a San Matteo, in via Monte Scuderi. La Messinamebiente ha raccolto le segnalazioni del consigliere della V Circoscrizione, <strong>Giovanni Bucalo<\/strong>, il quale ha pi\u00f9 volte denunciato lo stato di abbandono della zona.<br \/>\nIl direttore tecnico, <strong>Natale Cuc\u00e8<\/strong>, vista la richiesta avanzata dal consigliere di zona, ha dato l\u2019okay per l\u2019esecuzione dei lavori che stanno ridando dignit\u00e0 ad una zona spesso dimenticata. \u201c<em>Desidero ringraziare il commissario Calabr\u00f2, il direttore Cuc\u00e8 e il sorvegliante Comand\u00e9 per avere dato seguito alla mia richiesta<\/em>\u201d ha dichiarato Giovanni Bucalo, consigliere di zona.<div id=\"div-gpt-ad-Messinaoggi.it-DSK-300x250-corpoart\" style=\"text-align:center;margin:0 auto;\"><\/div><\/p>\n<div id=\"videoincontent\" style=\"clear:both\";><\/div>","protected":false},"excerpt":{"rendered":"<p>Lavori di scerbatura a San Matteo, in via Monte Scuderi. La Messinamebiente ha raccolto le segnalazioni del consigliere della V Circoscrizione, Giovanni Bucalo, il quale ha pi\u00f9 volte denunciato lo stato di abbandono della zona. Il direttore tecnico, Natale Cuc\u00e8, vista la richiesta avanzata dal consigliere di zona, ha dato l\u2019okay per l\u2019esecuzione dei lavori [&hellip;]<\/p>\n","protected":false},"author":2,"featured_media":7299,"comment_status":"closed","ping_status":"open","sticky":false,"template":"","format":"standard","meta":{"ub_ctt_via":"","_mi_skip_tracking":false},"categories":[5],"tags":[],"featured_image_src":"https:\/\/www.messinaoggi.it\/website\/wp-content\/uploads\/2017\/09\/IMG_1507-2.jpg","author_info":{"display_name":"Redazione","author_link":"https:\/\/www.messinaoggi.it\/website\/author\/redazione\/"},"digistream_id":0,"digistream":false,"_links":{"self":[{"href":"https:\/\/www.messinaoggi.it\/website\/wp-json\/wp\/v2\/posts\/7298"}],"collection":[{"href":"https:\/\/www.messinaoggi.it\/website\/wp-json\/wp\/v2\/posts"}],"about":[{"href":"https:\/\/www.messinaoggi.it\/website\/wp-json\/wp\/v2\/types\/post"}],"author":[{"embeddable":true,"href":"https:\/\/www.messinaoggi.it\/website\/wp-json\/wp\/v2\/users\/2"}],"replies":[{"embeddable":true,"href":"https:\/\/www.messinaoggi.it\/website\/wp-json\/wp\/v2\/comments?post=7298"}],"version-history":[{"count":0,"href":"https:\/\/www.messinaoggi.it\/website\/wp-json\/wp\/v2\/posts\/7298\/revisions"}],"wp:featuredmedia":[{"embeddable":true,"href":"https:\/\/www.messinaoggi.it\/website\/wp-json\/wp\/v2\/media\/7299"}],"wp:attachment":[{"href":"https:\/\/www.messinaoggi.it\/website\/wp-json\/wp\/v2\/media?parent=7298"}],"wp:term":[{"taxonomy":"category","embeddable":true,"href":"https:\/\/www.messinaoggi.it\/website\/wp-json\/wp\/v2\/categories?post=7298"},{"taxonomy":"post_tag","embeddable":true,"href":"https:\/\/www.messinaoggi.it\/website\/wp-json\/wp\/v2\/tags?post=7298"}],"curies":[{"name":"wp","href":"https:\/\/api.w.org\/{rel}","templated":true}]}}