{"id":72958,"date":"2021-07-14T09:25:31","date_gmt":"2021-07-14T07:25:31","guid":{"rendered":"http:\/\/www.messinaoggi.it\/website\/?p=72958"},"modified":"2021-07-14T09:25:33","modified_gmt":"2021-07-14T07:25:33","slug":"partecipata-assemblea-della-social-city-fp-cgil-lazienda-non-puo-essere-gestita-come-una-coop","status":"publish","type":"post","link":"https:\/\/www.messinaoggi.it\/website\/2021\/07\/14\/partecipata-assemblea-della-social-city-fp-cgil-lazienda-non-puo-essere-gestita-come-una-coop\/","title":{"rendered":"Partecipata assemblea della Social City, Fp Cgil: \u201cL\u2019azienda non pu\u00f2 essere gestita come una coop\u201d"},"content":{"rendered":"\n<p>Partecipatissima assemblea dei lavoratori della Messina Social City, indetta per affrontare tante questioni che a distanza di oltre due anni dalla nascita dell\u2019azienda, sono ancora senza risposta.<div id=\"div-gpt-ad-Messinaoggi.it-DSK-300x250-corpoart\" style=\"text-align:center;margin:0 auto;\"><\/div><\/p>\n\n\n\n<p>\u201c\u00c8 arrivato il momento di fare chiarezza e di fare finalmente un passo in avanti, perch\u00e9 una realt\u00e0 come quella della Messina Social City, che pu\u00f2 realmente rappresentare un valore aggiunto in termini di occupazione e di servizi da rivolgere all\u2019utenza, non pu\u00f2 essere gestita coma una grande cooperativa\u201d. Sono convinti di questo il segretario della FP CGIL, Francesco Fucile, la segretaria provinciale, Elena De Pasquale e le RSA Aziendali, che ieri, di fronte ai tantissimi lavoratori che hanno affollato il Salone delle Bandiere del Comune di Messina (\u201csold out\u201d compatibilmente alla misure di distanziamento necessarie), hanno evidenziato l\u2019importanza dell\u2019avvio di un percorso di unit\u00e0 sindacale che, all\u2019interno della Messina Social City, potrebbe realmente consentire di fare la differenza in termine di affermazione di diritti contrattualmente riconosciuti.<div id=\"videoincontent\" style=\"clear:both\";><\/div><\/p>\n\n\n\n<p>\u201cLe questioni da affrontare sono tante, \u2013 hanno affermato i rappresentanti sindacali &#8211; e siamo pronti a portarle avanti tutte, una dopo l\u2019altra, perch\u00e9 i lavoratori devono avere delle risposte e una migliore qualit\u00e0 dei servizi passa anche dall\u2019assegnazione, a coloro che li erogano, di avere i giusti riconoscimenti\u201d.  \u00c8 necessario che si proceda nel pi\u00f9 breve tempo possibile alla nomine del direttore generale, sperando che non si tratti dell\u2019ennesima \u201cmeteora\u201d, affinch\u00e9 si entri nel merito di argomentazioni che non possono pi\u00f9 essere rimandate: \u201cPrima di ogni altra cosa \u2013 hanno evidenziato i dirigenti sindacali -, \u00e8 fondamentale che l\u2019Azienda rediga quel piano del fabbisogno triennale del personale, che fotografi in maniere netta e inequivocabile, il numero esatto dei dipendenti necessari alla copertura dei servizi, tenendo ovviamente anche in conto le rotazioni per ferie, malattie, infortuni o altri fattori. Fatto questo passaggio, il management della MSC, che pur non amano questa definizione, deve avviare un percorso di stabilizzazione del personale che non pu\u00f2 pi\u00f9 essere posticipato, che tenga conto delle norme legislative e contrattuali gi\u00e0 esistenti che non possono pi\u00f9 essere ignorate: su tutte la stabilizzazione di quel personale che, tra proroghe e rinnovi, ha in alcuni casi superato anche i 24 mesi di servizio\u201d.<\/p>\n\n\n\n<p>Capitolo altrettanto caldo \u00e8 quello attinente l\u2019avvio di un\u2018interlocuzione, quella finora mancata, per l\u2019inizio di una contrattazione di secondo livello con le organizzazioni sindacali firmatarie del contratto nazionale cooperative sociali, che consenta ai lavoratori il riconoscimento di una premialit\u00e0, la copertura delle spese sostenute per l\u2019utilizzo del proprio mezzo, l\u2019assistenza sanitaria integrativa, la previdenza complementare: \u201cQuesto per noi \u00e8 solo il primo passo \u2013 concludono i rappresentanti sindacali -, nei prossimi giorni metteremo nero su bianco le nostre istanze e chiederemo all\u2019Azienda di aprire un vero tavolo di confronto\u201d.<\/p>\n","protected":false},"excerpt":{"rendered":"<p>Partecipatissima assemblea dei lavoratori della Messina Social City, indetta per affrontare tante questioni che a distanza di oltre due anni dalla nascita dell\u2019azienda, sono ancora senza risposta. \u201c\u00c8 arrivato il momento di fare chiarezza e di fare finalmente un passo in avanti, perch\u00e9 una realt\u00e0 come quella della Messina Social City, che pu\u00f2 realmente rappresentare [&hellip;]<\/p>\n","protected":false},"author":8,"featured_media":72961,"comment_status":"open","ping_status":"open","sticky":false,"template":"","format":"standard","meta":{"ub_ctt_via":"","_mi_skip_tracking":false},"categories":[5],"tags":[2526,1185],"featured_image_src":"https:\/\/www.messinaoggi.it\/website\/wp-content\/uploads\/2021\/07\/IMG_20210713_124047-scaled.jpg","author_info":{"display_name":"red..me","author_link":"https:\/\/www.messinaoggi.it\/website\/author\/redstage\/"},"digistream_id":0,"digistream":false,"_links":{"self":[{"href":"https:\/\/www.messinaoggi.it\/website\/wp-json\/wp\/v2\/posts\/72958"}],"collection":[{"href":"https:\/\/www.messinaoggi.it\/website\/wp-json\/wp\/v2\/posts"}],"about":[{"href":"https:\/\/www.messinaoggi.it\/website\/wp-json\/wp\/v2\/types\/post"}],"author":[{"embeddable":true,"href":"https:\/\/www.messinaoggi.it\/website\/wp-json\/wp\/v2\/users\/8"}],"replies":[{"embeddable":true,"href":"https:\/\/www.messinaoggi.it\/website\/wp-json\/wp\/v2\/comments?post=72958"}],"version-history":[{"count":1,"href":"https:\/\/www.messinaoggi.it\/website\/wp-json\/wp\/v2\/posts\/72958\/revisions"}],"predecessor-version":[{"id":72962,"href":"https:\/\/www.messinaoggi.it\/website\/wp-json\/wp\/v2\/posts\/72958\/revisions\/72962"}],"wp:featuredmedia":[{"embeddable":true,"href":"https:\/\/www.messinaoggi.it\/website\/wp-json\/wp\/v2\/media\/72961"}],"wp:attachment":[{"href":"https:\/\/www.messinaoggi.it\/website\/wp-json\/wp\/v2\/media?parent=72958"}],"wp:term":[{"taxonomy":"category","embeddable":true,"href":"https:\/\/www.messinaoggi.it\/website\/wp-json\/wp\/v2\/categories?post=72958"},{"taxonomy":"post_tag","embeddable":true,"href":"https:\/\/www.messinaoggi.it\/website\/wp-json\/wp\/v2\/tags?post=72958"}],"curies":[{"name":"wp","href":"https:\/\/api.w.org\/{rel}","templated":true}]}}