{"id":7295,"date":"2017-09-05T09:07:00","date_gmt":"2017-09-05T07:07:00","guid":{"rendered":"http:\/\/www.messinaoggi.it\/website\/?p=7295"},"modified":"2017-09-05T09:07:00","modified_gmt":"2017-09-05T07:07:00","slug":"cacciotto-dal-progetto-capacity-allimpossibilita-di-sostituire-una-lampadina","status":"publish","type":"post","link":"https:\/\/www.messinaoggi.it\/website\/2017\/09\/05\/cacciotto-dal-progetto-capacity-allimpossibilita-di-sostituire-una-lampadina\/","title":{"rendered":"Cacciotto: &quot;Dal progetto Capacity all&#039;impossibilit\u00e0 di sostituire una lampadina&quot;"},"content":{"rendered":"<p>&#8220;L\u2019Amministrazione targata Accorinti sar\u00e0 ricordata per la capacit\u00e0 di pensare al futuro senza garantire, in parte, il presente&#8221;: va gi\u00f9 duro il consigliere della Terza Circoscrizione, Alessandro Cacciotto: &#8220;Ed \u00e8 cos\u00ec che, se da una parte \u00e8 possibile indubbiamente riconoscere, allo stato dell\u2019arte, dei meriti, come ad esempio quello di aver intercettato i fondi per il rilancio delle periferie, vedasi il progetto Capacity che dovrebbe ridare dignit\u00e0 ad alcune zone della citt\u00e0, dall\u2019altra parte \u00e8 assolutamente inaccettabile che l\u2019attuale Amministrazione non riesca a garantire la cosiddetta normalit\u00e0.<br \/>\nAllo stato attuale, rimanendo in tema di ordinaria manutenzione, non \u00e8 possibile sostituire neppure una lampadina poich\u00e9 non \u00e8 stata ancora individuata la ditta a cui affidare l\u2019appalto. Mi chiedo pertanto se ci\u00f2 sia possibile in una citt\u00e0 dove si pensa alle grandi cose, ma nel frattempo non riesce a garantire ai propri cittadini la ordinariet\u00e0.<br \/>\nVorrei ad esempio capire se \u00e8 accettabile che un intera zona rimanga al buio perch\u00e9 non c\u2019\u00e8 una ditta in grado di provvedere alla sostituzione di una lampadina\u2026 E\u2019 giusto pensare di andare un giorno al ristorante ma nel frattempo il pane sulla tavola devo pure assicurarlo ogni giorno.<br \/>\nE\u2019 purtroppo questo che accade in citt\u00e0 dove tutto regna tranne la normalit\u00e0, dove anche una scerbatura viene salutata come un fatto eccezionale, dove un tavolo tecnico viene scambiato per cosa fatta, dove la raccolta della spazzatura \u00e8 un successo di quelli che ci sono adesso rispetto a quelli che c\u2019erano prima o viceversa.<br \/>\nTra strategie politiche in vista delle prossime tornate elettorali la citt\u00e0 di Messina affossa sempre di pi\u00f9, in cui i cittadini reclamano dei servizi che altrove rappresenterebbero la normalit\u00e0.<br \/>\nPurtroppo, ed \u00e8 un dato di fatto dopo pi\u00f9 di quattro anni dalla elezione del Sindaco, tutto il progetto di &#8216;Cambiamo Messina dal basso&#8217; \u00e8 da ritenersi assolutamente fallimentare; se dal basso non significava prendersi cura dei problemi quotidiani dei cittadini, allora significa che migliaia di cittadini, che hanno visto in Accorinti il volto della normalit\u00e0 non hanno davvero capito nulla&#8221;.<br \/>\n <div id=\"div-gpt-ad-Messinaoggi.it-DSK-300x250-corpoart\" style=\"text-align:center;margin:0 auto;\"><\/div><\/p>\n<div id=\"videoincontent\" style=\"clear:both\";><\/div>","protected":false},"excerpt":{"rendered":"<p>&#8220;L\u2019Amministrazione targata Accorinti sar\u00e0 ricordata per la capacit\u00e0 di pensare al futuro senza garantire, in parte, il presente&#8221;: va gi\u00f9 duro il consigliere della Terza Circoscrizione, Alessandro Cacciotto: &#8220;Ed \u00e8 cos\u00ec che, se da una parte \u00e8 possibile indubbiamente riconoscere, allo stato dell\u2019arte, dei meriti, come ad esempio quello di aver intercettato i fondi per [&hellip;]<\/p>\n","protected":false},"author":2,"featured_media":1059,"comment_status":"closed","ping_status":"open","sticky":false,"template":"","format":"standard","meta":{"ub_ctt_via":"","_mi_skip_tracking":false},"categories":[4],"tags":[],"featured_image_src":"https:\/\/www.messinaoggi.it\/website\/wp-content\/uploads\/2017\/05\/Iacp-Bisconte-1-2.jpg","author_info":{"display_name":"Redazione","author_link":"https:\/\/www.messinaoggi.it\/website\/author\/redazione\/"},"digistream_id":0,"digistream":false,"_links":{"self":[{"href":"https:\/\/www.messinaoggi.it\/website\/wp-json\/wp\/v2\/posts\/7295"}],"collection":[{"href":"https:\/\/www.messinaoggi.it\/website\/wp-json\/wp\/v2\/posts"}],"about":[{"href":"https:\/\/www.messinaoggi.it\/website\/wp-json\/wp\/v2\/types\/post"}],"author":[{"embeddable":true,"href":"https:\/\/www.messinaoggi.it\/website\/wp-json\/wp\/v2\/users\/2"}],"replies":[{"embeddable":true,"href":"https:\/\/www.messinaoggi.it\/website\/wp-json\/wp\/v2\/comments?post=7295"}],"version-history":[{"count":0,"href":"https:\/\/www.messinaoggi.it\/website\/wp-json\/wp\/v2\/posts\/7295\/revisions"}],"wp:featuredmedia":[{"embeddable":true,"href":"https:\/\/www.messinaoggi.it\/website\/wp-json\/wp\/v2\/media\/1059"}],"wp:attachment":[{"href":"https:\/\/www.messinaoggi.it\/website\/wp-json\/wp\/v2\/media?parent=7295"}],"wp:term":[{"taxonomy":"category","embeddable":true,"href":"https:\/\/www.messinaoggi.it\/website\/wp-json\/wp\/v2\/categories?post=7295"},{"taxonomy":"post_tag","embeddable":true,"href":"https:\/\/www.messinaoggi.it\/website\/wp-json\/wp\/v2\/tags?post=7295"}],"curies":[{"name":"wp","href":"https:\/\/api.w.org\/{rel}","templated":true}]}}