{"id":7283,"date":"2017-09-04T16:18:21","date_gmt":"2017-09-04T14:18:21","guid":{"rendered":"http:\/\/www.messinaoggi.it\/website\/?p=7283"},"modified":"2017-09-04T16:18:21","modified_gmt":"2017-09-04T14:18:21","slug":"oltre-lo-stretto-cuzzola-fonda-il-suo-movimento-nel-trio-delegato-ce-primario-papardo","status":"publish","type":"post","link":"https:\/\/www.messinaoggi.it\/website\/2017\/09\/04\/oltre-lo-stretto-cuzzola-fonda-il-suo-movimento-nel-trio-delegato-ce-primario-papardo\/","title":{"rendered":"Oltre lo Stretto, Cuzzola fonda il suo Movimento. Nel trio delegato c&#039;\u00e8 Primario Papardo"},"content":{"rendered":"<p style=\"text-align: justify\"><strong>Dall\u2019idea dell\u2019assessore comunale al Bilancio, Enzo Cuzzola\u2026 Sorge il Movimento \u201cOltre lo Stretto\u201d che risulta fondato e coordinato da lui. L\u2019esperto di Finanza Pubblica, nonch\u00e9 \u00a0commercialista ha individuato i tre delegati tra cui compare, per Messina, anche un primario dell\u2019ospedale &#8220;Papardo&#8221;, Lorenzo Mondello<\/strong>, poi Bernardina Ranieri (commercialista) per Reggio Calabria ed Anna Bellantone (funzionaria di banca), per Villa. Fra le prossime mosse, la conferenza organizzativa di programmazione e la presentazione ufficiale del Movimento nelle tre citt\u00e0.<div id=\"div-gpt-ad-Messinaoggi.it-DSK-300x250-corpoart\" style=\"text-align:center;margin:0 auto;\"><\/div><\/p>\n<p style=\"text-align: justify\">\u201cReggio e Messina dal dopoguerra fino agli anni 70 hanno vissuto un minimo di attivit\u00e0 industriali, essenze, seta, ecc.. Dagli anni 70 ad oggi,\u00a0hanno vissuto di &#8220;impiego&#8221;, pensioni ed assistenzialismo. Adesso, con una Nazione in crisi finanziaria, non basta. Adesso dobbiamo pensare ad un nuovo modello economico orientato al turismo, quindi alla valorizzazione dei territori e delle produzioni tradizionali, puntando sulla sostenibilit\u00e0 ambientale e la ecocompatibilit\u00e0, passando dalla erogazione di servizi efficienti\u201d sottolinea Enzo Cuzzola.<div id=\"videoincontent\" style=\"clear:both\";><\/div><\/p>\n<p style=\"text-align: justify\">Il Movimento viene tracciato per manifestare spunti ed idee, oltre che fare opinione, per mirare alla forza data dalla unione delle genti che si bagnano in questa &#8220;fantastica&#8221; striscia di mare che \u00e8 lo Stretto.<\/p>\n<p style=\"text-align: justify\">Solo una concreta \u201cvisione\u201d dell\u2019assetto futuro della Citt\u00e0 dello Stretto (Reggio, Villa e Messina) permetter\u00e0 alle forze politiche in campo, alle quali il Movimento offrir\u00e0 il proprio contributo di idee, di realizzare il \u201csogno\u201d.<\/p>\n","protected":false},"excerpt":{"rendered":"<p>Dall\u2019idea dell\u2019assessore comunale al Bilancio, Enzo Cuzzola\u2026 Sorge il Movimento \u201cOltre lo Stretto\u201d che risulta fondato e coordinato da lui. L\u2019esperto di Finanza Pubblica, nonch\u00e9 \u00a0commercialista ha individuato i tre delegati tra cui compare, per Messina, anche un primario dell\u2019ospedale &#8220;Papardo&#8221;, Lorenzo Mondello, poi Bernardina Ranieri (commercialista) per Reggio Calabria ed Anna Bellantone (funzionaria di [&hellip;]<\/p>\n","protected":false},"author":7,"featured_media":7285,"comment_status":"closed","ping_status":"open","sticky":false,"template":"","format":"standard","meta":{"ub_ctt_via":"","_mi_skip_tracking":false},"categories":[5],"tags":[],"featured_image_src":"https:\/\/www.messinaoggi.it\/website\/wp-content\/uploads\/2017\/09\/Vincenzo-Cuzzola-conf-stampa-presentazione-con-sindaco-e-Pino-messinaoggi-2.jpg","author_info":{"display_name":"Redazione1","author_link":"https:\/\/www.messinaoggi.it\/website\/author\/redazione1\/"},"digistream_id":0,"digistream":false,"_links":{"self":[{"href":"https:\/\/www.messinaoggi.it\/website\/wp-json\/wp\/v2\/posts\/7283"}],"collection":[{"href":"https:\/\/www.messinaoggi.it\/website\/wp-json\/wp\/v2\/posts"}],"about":[{"href":"https:\/\/www.messinaoggi.it\/website\/wp-json\/wp\/v2\/types\/post"}],"author":[{"embeddable":true,"href":"https:\/\/www.messinaoggi.it\/website\/wp-json\/wp\/v2\/users\/7"}],"replies":[{"embeddable":true,"href":"https:\/\/www.messinaoggi.it\/website\/wp-json\/wp\/v2\/comments?post=7283"}],"version-history":[{"count":0,"href":"https:\/\/www.messinaoggi.it\/website\/wp-json\/wp\/v2\/posts\/7283\/revisions"}],"wp:featuredmedia":[{"embeddable":true,"href":"https:\/\/www.messinaoggi.it\/website\/wp-json\/wp\/v2\/media\/7285"}],"wp:attachment":[{"href":"https:\/\/www.messinaoggi.it\/website\/wp-json\/wp\/v2\/media?parent=7283"}],"wp:term":[{"taxonomy":"category","embeddable":true,"href":"https:\/\/www.messinaoggi.it\/website\/wp-json\/wp\/v2\/categories?post=7283"},{"taxonomy":"post_tag","embeddable":true,"href":"https:\/\/www.messinaoggi.it\/website\/wp-json\/wp\/v2\/tags?post=7283"}],"curies":[{"name":"wp","href":"https:\/\/api.w.org\/{rel}","templated":true}]}}