{"id":72709,"date":"2021-07-12T19:07:40","date_gmt":"2021-07-12T17:07:40","guid":{"rendered":"https:\/\/www.messinaoggi.it\/website\/2021\/07\/12\/mattarella-riceve-gli-azzurri-una-vittoria-meritata\/"},"modified":"2021-07-12T19:26:57","modified_gmt":"2021-07-12T17:26:57","slug":"mattarella-riceve-gli-azzurri-una-vittoria-meritata","status":"publish","type":"post","link":"https:\/\/www.messinaoggi.it\/website\/2021\/07\/12\/mattarella-riceve-gli-azzurri-una-vittoria-meritata\/","title":{"rendered":"Mattarella riceve gli Azzurri: \u201cUna vittoria meritata\u201d"},"content":{"rendered":"<div>ROMA (ITALPRESS) &#8211; &#8220;Non \u00e8 il giorno di discorsi ma di applausi e ringraziamenti. Ieri sera avete meritato di vincere ben al di l\u00e0 del risultato perch\u00e8 avete disputato questa partita con due pesanti handicap: giocare in casa degli avversari, in quello stadio, e il gol a freddo che avrebbe messo in ginocchio chiunque. E&#8217; stata un&#8217;impresa, che avete meritato pi\u00f9 di quanto dica il punteggio&#8221;. Il presidente della Repubblica, Sergio Mattarella, si \u00e8 congratulato con gli azzurri neo campioni d&#8217;Europa, ricevuti al Quirinale assieme a Matteo Berrettini, primo italiano finalista a Wimbledon dove ha poi ceduto in 4 set a Novak Djokovic. &#8220;Siete stati accompagnati dall&#8217;affetto degli italiani in queste partite e li avete ricambiati, rappresentando bene l&#8217;Italia e rendendo onore allo sport, avete pienamente meritato questo titolo&#8221;, ha aggiunto il Capo dello Stato. A Mattarella, &#8220;ai milioni di tifosi italiani in tutto il mondo che non ci hanno mai fatto sentire soli in questo entusiasmante viaggio&#8221; e al compianto Davide Astori ha voluto dedicare la vittoria dell&#8217;Europeo il capitano Giorgio Chiellini, sottolineando che &#8220;se oggi siamo qui non \u00e8 per aver segnato un rigore in pi\u00f9 ma perch\u00e8 lo abbiamo trasformato condividendo un valore come l&#8217;amicizia&#8221;. &#8220;Non le nascondo la soddisfazione di aver regalato momenti di felicit\u00e0 al nostro Paese scrivendo una delle pi\u00f9 belle pagine della storia del calcio &#8211; le parole rivolte invece a Mattarella dal ct Mancini &#8211; Abbiamo dimostrato che quando si crede in ci\u00f2 che si fa \u00e8 possibile esaudire un sogno apparentemente irrealizzabile&#8221;. E mentre il presidente Figc Gravina ha definito Chiellini e compagni &#8220;simbolo di un Paese ferito ma con una grande voglia di ripresa, la grande bellezza mostrata dagli azzurri non \u00e8 solo di gioco ma anche di valori e amicizia&#8221;, per il numero uno del Coni, Giovanni Malag\u00f2, la Nazionale di calcio e Berrettini &#8220;ci hanno fatto sentire tutti orgogliosi come italiani&#8221;. E proprio dal tennista romano arriva un auspicio: &#8220;Speriamo che tra qualche anno potr\u00f2 tornare con un trofeo pi\u00f9 importante e che possa rendervi ancora pi\u00f9 orgogliosi&#8221;.<br \/>(ITALPRESS).<\/div>\n<div id=\"div-gpt-ad-Messinaoggi.it-DSK-300x250-corpoart\" style=\"text-align:center;margin:0 auto;\"><\/div><\/p><div id=\"videoincontent\" style=\"clear:both\";><\/div>","protected":false},"excerpt":{"rendered":"<p>ROMA (ITALPRESS) &#8211; &#8220;Non \u00e8 il giorno di discorsi ma di applausi e ringraziamenti. Ieri sera avete meritato di vincere ben al di l\u00e0 del risultato perch\u00e8 avete disputato questa partita con due pesanti handicap: giocare in casa degli avversari, in quello stadio, e il gol a freddo che avrebbe messo in ginocchio chiunque. E&#8217; [&hellip;]<\/p>\n","protected":false},"author":18,"featured_media":72710,"comment_status":"closed","ping_status":"closed","sticky":false,"template":"","format":"standard","meta":{"ub_ctt_via":"","_mi_skip_tracking":false},"categories":[10,446,9],"tags":[783],"featured_image_src":"https:\/\/www.messinaoggi.it\/website\/wp-content\/uploads\/2021\/07\/20210712_1936.jpg","author_info":{"display_name":"Admin","author_link":"https:\/\/www.messinaoggi.it\/website\/author\/admin\/"},"digistream_id":0,"digistream":false,"_links":{"self":[{"href":"https:\/\/www.messinaoggi.it\/website\/wp-json\/wp\/v2\/posts\/72709"}],"collection":[{"href":"https:\/\/www.messinaoggi.it\/website\/wp-json\/wp\/v2\/posts"}],"about":[{"href":"https:\/\/www.messinaoggi.it\/website\/wp-json\/wp\/v2\/types\/post"}],"author":[{"embeddable":true,"href":"https:\/\/www.messinaoggi.it\/website\/wp-json\/wp\/v2\/users\/18"}],"replies":[{"embeddable":true,"href":"https:\/\/www.messinaoggi.it\/website\/wp-json\/wp\/v2\/comments?post=72709"}],"version-history":[{"count":1,"href":"https:\/\/www.messinaoggi.it\/website\/wp-json\/wp\/v2\/posts\/72709\/revisions"}],"predecessor-version":[{"id":72733,"href":"https:\/\/www.messinaoggi.it\/website\/wp-json\/wp\/v2\/posts\/72709\/revisions\/72733"}],"wp:featuredmedia":[{"embeddable":true,"href":"https:\/\/www.messinaoggi.it\/website\/wp-json\/wp\/v2\/media\/72710"}],"wp:attachment":[{"href":"https:\/\/www.messinaoggi.it\/website\/wp-json\/wp\/v2\/media?parent=72709"}],"wp:term":[{"taxonomy":"category","embeddable":true,"href":"https:\/\/www.messinaoggi.it\/website\/wp-json\/wp\/v2\/categories?post=72709"},{"taxonomy":"post_tag","embeddable":true,"href":"https:\/\/www.messinaoggi.it\/website\/wp-json\/wp\/v2\/tags?post=72709"}],"curies":[{"name":"wp","href":"https:\/\/api.w.org\/{rel}","templated":true}]}}