{"id":727,"date":"2017-05-28T16:54:51","date_gmt":"2017-05-28T14:54:51","guid":{"rendered":"http:\/\/www.messinaoggi.it\/website\/?p=727"},"modified":"2017-05-28T16:54:51","modified_gmt":"2017-05-28T14:54:51","slug":"peter-piek-a-barcellona-pozzo-di-gotto","status":"publish","type":"post","link":"https:\/\/www.messinaoggi.it\/website\/2017\/05\/28\/peter-piek-a-barcellona-pozzo-di-gotto\/","title":{"rendered":"Peter Piek a Barcellona Pozzo di Gotto"},"content":{"rendered":"<p>Il polistrumentista tedesco, Peter Piek,\u00a0 che sta\u00a0 incantando il mondo con la sua musica frammista di colori e immagini, \u00a0in tour con Rocketta Booking, regaler\u00e0 \u00a0al pubblico italiano una serie di concerti per presentare \u00a0\u00a0Il suo nuovo lavoro discografico dal titolo\u00a0 \u201c+\u201d.<br \/>\nTra le \u00a0tappe della\u00a0 sua tourn\u00e8e c\u2019\u00e8 anche Barcellona Pozzo di Gotto, dove l\u2019artista\u00a0 si esibir\u00e0 gioved\u00ec al noto locale \u00a0Perditempo.<br \/>\nmarted\u00ec 14 febbraio: AL KENISA, Enna<br \/>\nmercoled\u00ec 15 febbraio: BOLAZZI, Palermo<br \/>\ngioved\u00ec 16 febbraio: PERDITEMPO, Barcellona P.G. (ME)<br \/>\nvenerd\u00ec 17 febbraio: BEBOP, Taranto<br \/>\ndomenica 19 febbraio: RIBBON CLUB, Terracina (LT)<br \/>\nmarted\u00ec 21 febbraio: SPARWASSER, Roma<br \/>\nmercoled\u00ec 22 febbraio: EX CINEMA AURORA, Livorno<br \/>\ngioved\u00ec 23 febbraio: BOTTEGA ROOTS, Colle Val d\u2019Elsa (SI)<br \/>\nvenerd\u00ec 24 febbraio: FUORILUOGO, Asti<br \/>\ndomenica 26 febbraio: GOTOSTORTO, Trebaseleghe (PD)<br \/>\n\u201c+\u201d \u00e8 un energico disco pop rock attraversato da un vasto range di influenze musicali, \u00a0i brani\u00a0 che lo compongono sono dei quadri cantati, raccontano un lavoro artistico privo di esitazioni. In accordo con un\u00a0 sound equilibrato \u00a0\u00a0Piek conduce l&#8217;ascoltatore esattamente dove vuole lui, facendolo addentrare nel suo mondo fatto di immagini e note.<br \/>\nPeter Piek \u00e8 un artista eclettico che ama amalgamare insieme varie forme d&#8217;arte, come i colori sulla tavolozza che da &#8220;cantante-pittore&#8221; spesso usa, unendo la musica alla pittura e alla fotografia, passando dai testi ai quadri e ai libri senza soluzione di continuit\u00e0. Nato nell&#8217;ex Germania Est nella citt\u00e0 che prima del crollo del muro era chiamata Karl-Marx-Stadt,\u00a0 oggi Chemnitz, Piek si definisce un ragazzo altissimo dai capelli arruffati che fa ci\u00f2 ci\u00f2 che pi\u00f9 gli piace. Ed \u00e8 cos\u00ec che meglio esprime il suo talento. Dopo pi\u00f9 di settecento concerti in tutta Europa, in Cina e negli Stati Uniti, il polistrumentista autodidatta Peter Piek sa bene cosa regaler\u00e0 al pubblico: una performance artistica a tutto tondo in cui suona, canta, dipinge, fotografa e crea. Il suo timbro vocale ansimante e quasi sofferente \u00e8 il suo singolare marchio di fabbrica e ricorda in qualche modo Thom Yorke, Bon Iver e Sufjan Stevens.<br \/>\nUn evento assolutamente da non perdere.<div id=\"div-gpt-ad-Messinaoggi.it-DSK-300x250-corpoart\" style=\"text-align:center;margin:0 auto;\"><\/div><\/p>\n<div id=\"videoincontent\" style=\"clear:both\";><\/div>","protected":false},"excerpt":{"rendered":"<p>Il polistrumentista tedesco, Peter Piek,\u00a0 che sta\u00a0 incantando il mondo con la sua musica frammista di colori e immagini, \u00a0in tour con Rocketta Booking, regaler\u00e0 \u00a0al pubblico italiano una serie di concerti per presentare \u00a0\u00a0Il suo nuovo lavoro discografico dal titolo\u00a0 \u201c+\u201d. Tra le \u00a0tappe della\u00a0 sua tourn\u00e8e c\u2019\u00e8 anche Barcellona Pozzo di Gotto, dove [&hellip;]<\/p>\n","protected":false},"author":5,"featured_media":728,"comment_status":"closed","ping_status":"open","sticky":false,"template":"","format":"standard","meta":{"ub_ctt_via":"","_mi_skip_tracking":false},"categories":[17],"tags":[],"featured_image_src":"https:\/\/www.messinaoggi.it\/website\/wp-content\/uploads\/2017\/05\/peter-piek-1-2.jpg","author_info":{"display_name":"Maria Antonella Saia","author_link":"https:\/\/www.messinaoggi.it\/website\/author\/m-saia\/"},"digistream_id":0,"digistream":false,"_links":{"self":[{"href":"https:\/\/www.messinaoggi.it\/website\/wp-json\/wp\/v2\/posts\/727"}],"collection":[{"href":"https:\/\/www.messinaoggi.it\/website\/wp-json\/wp\/v2\/posts"}],"about":[{"href":"https:\/\/www.messinaoggi.it\/website\/wp-json\/wp\/v2\/types\/post"}],"author":[{"embeddable":true,"href":"https:\/\/www.messinaoggi.it\/website\/wp-json\/wp\/v2\/users\/5"}],"replies":[{"embeddable":true,"href":"https:\/\/www.messinaoggi.it\/website\/wp-json\/wp\/v2\/comments?post=727"}],"version-history":[{"count":0,"href":"https:\/\/www.messinaoggi.it\/website\/wp-json\/wp\/v2\/posts\/727\/revisions"}],"wp:featuredmedia":[{"embeddable":true,"href":"https:\/\/www.messinaoggi.it\/website\/wp-json\/wp\/v2\/media\/728"}],"wp:attachment":[{"href":"https:\/\/www.messinaoggi.it\/website\/wp-json\/wp\/v2\/media?parent=727"}],"wp:term":[{"taxonomy":"category","embeddable":true,"href":"https:\/\/www.messinaoggi.it\/website\/wp-json\/wp\/v2\/categories?post=727"},{"taxonomy":"post_tag","embeddable":true,"href":"https:\/\/www.messinaoggi.it\/website\/wp-json\/wp\/v2\/tags?post=727"}],"curies":[{"name":"wp","href":"https:\/\/api.w.org\/{rel}","templated":true}]}}