{"id":72646,"date":"2021-07-12T11:02:34","date_gmt":"2021-07-12T09:02:34","guid":{"rendered":"https:\/\/www.messinaoggi.it\/website\/2021\/07\/12\/covid-in-sicilia-tornano-a-salire-casi-e-ricoveri-in-terapia-intensiva\/"},"modified":"2021-07-12T11:21:04","modified_gmt":"2021-07-12T09:21:04","slug":"covid-in-sicilia-tornano-a-salire-casi-e-ricoveri-in-terapia-intensiva","status":"publish","type":"post","link":"https:\/\/www.messinaoggi.it\/website\/2021\/07\/12\/covid-in-sicilia-tornano-a-salire-casi-e-ricoveri-in-terapia-intensiva\/","title":{"rendered":"Covid, in Sicilia tornano a salire casi e ricoveri in terapia intensiva"},"content":{"rendered":"<div>\n<p>PALERMO (ITALPRESS) \u2013 La settimana appena conclusa ha fatto registrare \u201cun preoccupante incremento dei nuovi positivi e degli ingressi in terapia intensiva\u201d in Sicilia. Lo rende noto l\u2019ufficio Statistica del Comune di Palermo in base ai dati diffusi dalla Protezione civile. In particolare, i nuovi positivi in Sicilia sono 1106, il 36% in pi\u00f9 rispetto alla settimana precedente, quando gi\u00e0 si era registrato un incremento del 3,7%. E\u2019 cresciuto anche il rapporto fra tamponi positivi e tamponi effettuati, passato dall\u20191,0% all\u20191,5%, mentre il numero degli attuali positivi \u00e8 pari a 3650, 87 in pi\u00f9rispetto alla settimana precedente. Le persone in isolamento domiciliare sono 3504, 99 in pi\u00f9 rispetto alla settimana precedente. Ed ancora, i ricoverati sono 146, di cui 17 in terapia intensiva.<br \/>\nRispetto alla settimana precedente sono diminuiti di 12 unit\u00e0 (i ricoverati in terapia intensiva invece sono aumentati di 2 unit\u00e0). Nella settimana appena conclusa si sono registrati 9 nuovi ingressi in terapia intensiva (+200% rispetto ai 3 della settimana precedente)\u201d. La statistica evidenzia che \u201cil numero dei guariti (223648) \u00e8 cresciuto di 1008 unit\u00e0 rispetto alla settimana precedente. La percentuale dei guariti sul totale positivi \u00e8 pari al 95,9% (come domenica scorsa) ed il numero di persone decedute registrato nella settimana \u00e8 pari a 11 (la settimana scorsa 16). Complessivamente le persone decedute sono 5992, e il tasso di letalit\u00e0 (deceduti\/totale positivi) \u00e8 pari al 2,6% (come ormai dal 17 aprile) e i ricoverati complessivamente rappresentano il 4,0% degli attuali positivi (i ricoverati in terapia intensiva lo 0,5%)\u201d.<br \/>\n\u201cCome si evidenzia \u2013 sottolinea Girolamo D\u2019Anneo dell\u2019ufficio statistica del Comune di Palermo \u2013 la settimana appena conclusa ha fatto registrare un preoccupante incremento dei nuovi positivi e degli ingressi in terapia intensiva\u201d, mentre \u201csono invece diminuiti i ricoverati e le persone decedute\u201d.<br \/>\n(ITALPRESS).<div id=\"div-gpt-ad-Messinaoggi.it-DSK-300x250-corpoart\" style=\"text-align:center;margin:0 auto;\"><\/div><\/p>\n<\/div>\n<div id=\"videoincontent\" style=\"clear:both\";><\/div>","protected":false},"excerpt":{"rendered":"<p>PALERMO (ITALPRESS) \u2013 La settimana appena conclusa ha fatto registrare \u201cun preoccupante incremento dei nuovi positivi e degli ingressi in terapia intensiva\u201d in Sicilia. Lo rende noto l\u2019ufficio Statistica del Comune di Palermo in base ai dati diffusi dalla Protezione civile. In particolare, i nuovi positivi in Sicilia sono 1106, il 36% in pi\u00f9 rispetto [&hellip;]<\/p>\n","protected":false},"author":18,"featured_media":72647,"comment_status":"closed","ping_status":"closed","sticky":false,"template":"","format":"standard","meta":{"ub_ctt_via":"","_mi_skip_tracking":false},"categories":[19,2449],"tags":[783],"featured_image_src":"https:\/\/www.messinaoggi.it\/website\/wp-content\/uploads\/2021\/07\/20210712_0216.jpg","author_info":{"display_name":"Admin","author_link":"https:\/\/www.messinaoggi.it\/website\/author\/admin\/"},"digistream_id":0,"digistream":false,"_links":{"self":[{"href":"https:\/\/www.messinaoggi.it\/website\/wp-json\/wp\/v2\/posts\/72646"}],"collection":[{"href":"https:\/\/www.messinaoggi.it\/website\/wp-json\/wp\/v2\/posts"}],"about":[{"href":"https:\/\/www.messinaoggi.it\/website\/wp-json\/wp\/v2\/types\/post"}],"author":[{"embeddable":true,"href":"https:\/\/www.messinaoggi.it\/website\/wp-json\/wp\/v2\/users\/18"}],"replies":[{"embeddable":true,"href":"https:\/\/www.messinaoggi.it\/website\/wp-json\/wp\/v2\/comments?post=72646"}],"version-history":[{"count":1,"href":"https:\/\/www.messinaoggi.it\/website\/wp-json\/wp\/v2\/posts\/72646\/revisions"}],"predecessor-version":[{"id":72651,"href":"https:\/\/www.messinaoggi.it\/website\/wp-json\/wp\/v2\/posts\/72646\/revisions\/72651"}],"wp:featuredmedia":[{"embeddable":true,"href":"https:\/\/www.messinaoggi.it\/website\/wp-json\/wp\/v2\/media\/72647"}],"wp:attachment":[{"href":"https:\/\/www.messinaoggi.it\/website\/wp-json\/wp\/v2\/media?parent=72646"}],"wp:term":[{"taxonomy":"category","embeddable":true,"href":"https:\/\/www.messinaoggi.it\/website\/wp-json\/wp\/v2\/categories?post=72646"},{"taxonomy":"post_tag","embeddable":true,"href":"https:\/\/www.messinaoggi.it\/website\/wp-json\/wp\/v2\/tags?post=72646"}],"curies":[{"name":"wp","href":"https:\/\/api.w.org\/{rel}","templated":true}]}}