{"id":725,"date":"2017-05-28T16:42:35","date_gmt":"2017-05-28T14:42:35","guid":{"rendered":"http:\/\/www.messinaoggi.it\/website\/?p=725"},"modified":"2017-05-28T16:42:35","modified_gmt":"2017-05-28T14:42:35","slug":"la-vedova-allegra-un-grande-successo-per-il-mandanici","status":"publish","type":"post","link":"https:\/\/www.messinaoggi.it\/website\/2017\/05\/28\/la-vedova-allegra-un-grande-successo-per-il-mandanici\/","title":{"rendered":"La vedova allegra, un grande successo per il Mandanici"},"content":{"rendered":"<p>Niente sold out per La vedova allegra, spettacolo appartenente al genere delle operette, un mix tra recitazione e \u00a0belcanto, \u00a0andato \u00a0in scena ieri sera al Teatro Mandanici di Barcellona Pozzo di Gotto; nonostante ci\u00f2 tanta partecipazione di pubblico,\u00a0 che si \u00e8 lasciato trasportare dalle note di Franz Leh\u00e0r\u00a0 e dall\u2019intramontabile storia raccontata dal libretto di Victor Le\u00f2n \u2013 Leo Stein.<br \/>\n<img loading=\"lazy\" src=\"http:\/\/www.messinaoggi.eu\/uploads\/Maria%20Antonella%20Saia\/Spettacoli\/La-Vedova-Allegra-Compagnia-Italiana-di-Operette-4.jpg\" alt=\"\" width=\"550\" height=\"367\" \/><br \/>\nSul palco\u00a0 l\u2019effervescente Compagnia Italiana di Operette ha saputo\u00a0 padroneggiare la scena,\u00a0\u00a0 mostrando tutta la propria professionalit\u00e0 anche quando ha dovuto fare i conti\u00a0\u00a0 con un\u00a0\u00a0 problema tecnico, riprendendo\u00a0 con noshalance\u00a0 uno\u00a0 spettacolo\u00a0 che sembrava irrimediabilmente compromesso e \u00a0scatenando l\u2019incredibile joie de vivre degli spettatori.<br \/>\n<img loading=\"lazy\" src=\"http:\/\/www.messinaoggi.eu\/uploads\/Maria%20Antonella%20Saia\/Spettacoli\/La-Vedova-Allegra-Compagnia-Italiana-di-Operette-1.jpg\" alt=\"\" width=\"600\" height=\"400\" \/><br \/>\nDa quel momento in\u00a0 poi \u00e8 stata completamente\u00a0 abbattuta la quarta parete, onnipresente spettro di ogni lavoro teatrale che ne definisce il successo. Ci\u00f2 ha fatto s\u00ec che il pubblico, dapprima semplice spettatore, diventasse parte attiva della pi\u00e8ce evidenziando ancora una volta come le scelte effettuate dal direttore artistico Sergio Maifredi stiano portando ad un vero rilancio\u00a0 del Teatro Mandanici, fulcro della vita culturale barcellonese.<br \/>\nUn teatro che, con\u00a0 questo spettacolo, ha riscoperto\u00a0 anche il suo profilo lirico &#8211; come annunciato da Maifredi ad inizio serata &#8211; caratterizzato dalla fossa orchestrale, riapparsa proprio in quest\u2019occasione.<br \/>\nNuovo successo,\u00a0 dunque, per il teatro\u00a0 barcellonese che continua a mietere ampi\u00a0 consensi di pubblico e di critica.<div id=\"div-gpt-ad-Messinaoggi.it-DSK-300x250-corpoart\" style=\"text-align:center;margin:0 auto;\"><\/div><\/p>\n<div id=\"videoincontent\" style=\"clear:both\";><\/div>","protected":false},"excerpt":{"rendered":"<p>Niente sold out per La vedova allegra, spettacolo appartenente al genere delle operette, un mix tra recitazione e \u00a0belcanto, \u00a0andato \u00a0in scena ieri sera al Teatro Mandanici di Barcellona Pozzo di Gotto; nonostante ci\u00f2 tanta partecipazione di pubblico,\u00a0 che si \u00e8 lasciato trasportare dalle note di Franz Leh\u00e0r\u00a0 e dall\u2019intramontabile storia raccontata dal libretto di [&hellip;]<\/p>\n","protected":false},"author":5,"featured_media":726,"comment_status":"closed","ping_status":"open","sticky":false,"template":"","format":"standard","meta":{"ub_ctt_via":"","_mi_skip_tracking":false},"categories":[17],"tags":[],"featured_image_src":"https:\/\/www.messinaoggi.it\/website\/wp-content\/uploads\/2017\/05\/La-Vedova-Allegra-Compagnia-Italiana-di-Operette-2-2.jpg","author_info":{"display_name":"Maria Antonella Saia","author_link":"https:\/\/www.messinaoggi.it\/website\/author\/m-saia\/"},"digistream_id":0,"digistream":false,"_links":{"self":[{"href":"https:\/\/www.messinaoggi.it\/website\/wp-json\/wp\/v2\/posts\/725"}],"collection":[{"href":"https:\/\/www.messinaoggi.it\/website\/wp-json\/wp\/v2\/posts"}],"about":[{"href":"https:\/\/www.messinaoggi.it\/website\/wp-json\/wp\/v2\/types\/post"}],"author":[{"embeddable":true,"href":"https:\/\/www.messinaoggi.it\/website\/wp-json\/wp\/v2\/users\/5"}],"replies":[{"embeddable":true,"href":"https:\/\/www.messinaoggi.it\/website\/wp-json\/wp\/v2\/comments?post=725"}],"version-history":[{"count":0,"href":"https:\/\/www.messinaoggi.it\/website\/wp-json\/wp\/v2\/posts\/725\/revisions"}],"wp:featuredmedia":[{"embeddable":true,"href":"https:\/\/www.messinaoggi.it\/website\/wp-json\/wp\/v2\/media\/726"}],"wp:attachment":[{"href":"https:\/\/www.messinaoggi.it\/website\/wp-json\/wp\/v2\/media?parent=725"}],"wp:term":[{"taxonomy":"category","embeddable":true,"href":"https:\/\/www.messinaoggi.it\/website\/wp-json\/wp\/v2\/categories?post=725"},{"taxonomy":"post_tag","embeddable":true,"href":"https:\/\/www.messinaoggi.it\/website\/wp-json\/wp\/v2\/tags?post=725"}],"curies":[{"name":"wp","href":"https:\/\/api.w.org\/{rel}","templated":true}]}}