{"id":7242,"date":"2017-09-04T10:57:09","date_gmt":"2017-09-04T08:57:09","guid":{"rendered":"http:\/\/www.messinaoggi.it\/website\/?p=7242"},"modified":"2017-09-04T10:57:09","modified_gmt":"2017-09-04T08:57:09","slug":"meteo-anticiclone-in-rimonta-questa-settimana","status":"publish","type":"post","link":"https:\/\/www.messinaoggi.it\/website\/2017\/09\/04\/meteo-anticiclone-in-rimonta-questa-settimana\/","title":{"rendered":"Meteo: anticiclone in rimonta questa settimana"},"content":{"rendered":"<p style=\"text-align: justify\">Questa settimana sono previste temperature nuovamente in aumento: l&#8217;anticiclone \u00e8 in rimonta nel sud Italia. Lo dicono gli esperti di Centro Meteo Italiano.<div id=\"div-gpt-ad-Messinaoggi.it-DSK-300x250-corpoart\" style=\"text-align:center;margin:0 auto;\"><\/div><\/p>\n<p style=\"text-align: justify\">Infatti, nei prossimi giorni il tempo sar\u00e0 pi\u00f9 stabile e soleggiato con temperature in aumento ma in linea con le medie del periodo. A partire da gioved\u00ec, un nuovo peggioramento interesser\u00e0 le regioni centro-settentrionali con piogge e temporali, mentre il Sud Italia vedr\u00e0 ancora tempo stabile e prevalentemente soleggiato.<div id=\"videoincontent\" style=\"clear:both\";><\/div><\/p>\n","protected":false},"excerpt":{"rendered":"<p>Questa settimana sono previste temperature nuovamente in aumento: l&#8217;anticiclone \u00e8 in rimonta nel sud Italia. Lo dicono gli esperti di Centro Meteo Italiano. Infatti, nei prossimi giorni il tempo sar\u00e0 pi\u00f9 stabile e soleggiato con temperature in aumento ma in linea con le medie del periodo. A partire da gioved\u00ec, un nuovo peggioramento interesser\u00e0 le [&hellip;]<\/p>\n","protected":false},"author":8,"featured_media":7020,"comment_status":"closed","ping_status":"open","sticky":false,"template":"","format":"standard","meta":{"ub_ctt_via":"","_mi_skip_tracking":false},"categories":[11],"tags":[],"featured_image_src":"https:\/\/www.messinaoggi.it\/website\/wp-content\/uploads\/2017\/08\/meteo-aumento-temperature-2.jpg","author_info":{"display_name":"red..me","author_link":"https:\/\/www.messinaoggi.it\/website\/author\/redstage\/"},"digistream_id":0,"digistream":false,"_links":{"self":[{"href":"https:\/\/www.messinaoggi.it\/website\/wp-json\/wp\/v2\/posts\/7242"}],"collection":[{"href":"https:\/\/www.messinaoggi.it\/website\/wp-json\/wp\/v2\/posts"}],"about":[{"href":"https:\/\/www.messinaoggi.it\/website\/wp-json\/wp\/v2\/types\/post"}],"author":[{"embeddable":true,"href":"https:\/\/www.messinaoggi.it\/website\/wp-json\/wp\/v2\/users\/8"}],"replies":[{"embeddable":true,"href":"https:\/\/www.messinaoggi.it\/website\/wp-json\/wp\/v2\/comments?post=7242"}],"version-history":[{"count":0,"href":"https:\/\/www.messinaoggi.it\/website\/wp-json\/wp\/v2\/posts\/7242\/revisions"}],"wp:featuredmedia":[{"embeddable":true,"href":"https:\/\/www.messinaoggi.it\/website\/wp-json\/wp\/v2\/media\/7020"}],"wp:attachment":[{"href":"https:\/\/www.messinaoggi.it\/website\/wp-json\/wp\/v2\/media?parent=7242"}],"wp:term":[{"taxonomy":"category","embeddable":true,"href":"https:\/\/www.messinaoggi.it\/website\/wp-json\/wp\/v2\/categories?post=7242"},{"taxonomy":"post_tag","embeddable":true,"href":"https:\/\/www.messinaoggi.it\/website\/wp-json\/wp\/v2\/tags?post=7242"}],"curies":[{"name":"wp","href":"https:\/\/api.w.org\/{rel}","templated":true}]}}