{"id":72269,"date":"2021-07-08T22:47:09","date_gmt":"2021-07-08T20:47:09","guid":{"rendered":"http:\/\/www.messinaoggi.it\/website\/?p=72269"},"modified":"2021-07-08T22:50:41","modified_gmt":"2021-07-08T20:50:41","slug":"fiumedinisi-divorzio-con-frazzica-e-renzo","status":"publish","type":"post","link":"https:\/\/www.messinaoggi.it\/website\/2021\/07\/08\/fiumedinisi-divorzio-con-frazzica-e-renzo\/","title":{"rendered":"Fiumedinisi, commiato con Frazzica e Renzo"},"content":{"rendered":"\n<p>Si dividono i percorsi tra <strong>l\u2019A.S.D. Fiumedinisi <\/strong>da un lato, l&#8217;allenatore <strong>Matteo Frazzica<\/strong> ed il Direttore generale <strong>Fabio Renzo <\/strong>dall&#8217;altro. A seguito di un incontro avvenuto tra le parti, di comune accordo, le parti hanno deciso di separarsi.<div id=\"div-gpt-ad-Messinaoggi.it-DSK-300x250-corpoart\" style=\"text-align:center;margin:0 auto;\"><\/div><\/p>\n\n\n\n<p class=\"has-text-align-left\">&#8220;<em>Arrivato all\u2019inizio di febbraio 2018, proprio a met\u00e0 stagione 2017\/2018 &#8211;<\/em> recita un comunicato &#8211; <em>Frazzica ha saputo costruire, insieme alla Societ\u00e0 ed allo staff tecnico che lo ha coadiuvato, una squadra in grado di lottare per i vertici del campionato di Seconda categoria, vinto ai Playoff nella stagione 2018\/2019, culminata con la storica promozione dell\u2019A.S.D. Fiumedinisi in <strong>Prima Categoria<\/strong>. Nella stagione successiva, 2019\/2020, con l\u2019importante innesto del Direttore Fabio Renzo nello staff tecnico-dirigenziale, arrivano altri risultati di rilievo con il sesto posto finale nel Girone D di Prima Categoria, in un campionato terminato anzitempo, con ancora 6 gare da disputare, a causa della pandemia da Covid&#8221;.<\/em><div id=\"videoincontent\" style=\"clear:both\";><\/div><\/p>\n\n\n\n<p>L\u2019A.S.D. Fiumedinisi &#8220;<em>ringrazia Matteo e Fabio per la bont\u00e0 del lavoro svolto nell\u2019arco delle stagioni passate, contraddistinto da spiccata dedizione e professionalit\u00e0, che ha portato la Societ\u00e0 a ricoprire ruoli da protagonista anche in categorie superiori, dimostrando di poter competere con realt\u00e0 pi\u00f9 blasonate nel panorama calcistico provinciale e regionale<\/em>&#8220;.<\/p>\n","protected":false},"excerpt":{"rendered":"<p>Si dividono i percorsi tra l\u2019A.S.D. Fiumedinisi da un lato, l&#8217;allenatore Matteo Frazzica ed il Direttore generale Fabio Renzo dall&#8217;altro. A seguito di un incontro avvenuto tra le parti, di comune accordo, le parti hanno deciso di separarsi. &#8220;Arrivato all\u2019inizio di febbraio 2018, proprio a met\u00e0 stagione 2017\/2018 &#8211; recita un comunicato &#8211; Frazzica ha [&hellip;]<\/p>\n","protected":false},"author":11,"featured_media":72271,"comment_status":"open","ping_status":"open","sticky":false,"template":"","format":"standard","meta":{"ub_ctt_via":"","_mi_skip_tracking":false},"categories":[10,15,9],"tags":[],"featured_image_src":"https:\/\/www.messinaoggi.it\/website\/wp-content\/uploads\/2021\/07\/Fiumedinisi-congedo-Renzo-Frazzica.jpg","author_info":{"display_name":"redsport","author_link":"https:\/\/www.messinaoggi.it\/website\/author\/redsport\/"},"digistream_id":0,"digistream":false,"_links":{"self":[{"href":"https:\/\/www.messinaoggi.it\/website\/wp-json\/wp\/v2\/posts\/72269"}],"collection":[{"href":"https:\/\/www.messinaoggi.it\/website\/wp-json\/wp\/v2\/posts"}],"about":[{"href":"https:\/\/www.messinaoggi.it\/website\/wp-json\/wp\/v2\/types\/post"}],"author":[{"embeddable":true,"href":"https:\/\/www.messinaoggi.it\/website\/wp-json\/wp\/v2\/users\/11"}],"replies":[{"embeddable":true,"href":"https:\/\/www.messinaoggi.it\/website\/wp-json\/wp\/v2\/comments?post=72269"}],"version-history":[{"count":3,"href":"https:\/\/www.messinaoggi.it\/website\/wp-json\/wp\/v2\/posts\/72269\/revisions"}],"predecessor-version":[{"id":72274,"href":"https:\/\/www.messinaoggi.it\/website\/wp-json\/wp\/v2\/posts\/72269\/revisions\/72274"}],"wp:featuredmedia":[{"embeddable":true,"href":"https:\/\/www.messinaoggi.it\/website\/wp-json\/wp\/v2\/media\/72271"}],"wp:attachment":[{"href":"https:\/\/www.messinaoggi.it\/website\/wp-json\/wp\/v2\/media?parent=72269"}],"wp:term":[{"taxonomy":"category","embeddable":true,"href":"https:\/\/www.messinaoggi.it\/website\/wp-json\/wp\/v2\/categories?post=72269"},{"taxonomy":"post_tag","embeddable":true,"href":"https:\/\/www.messinaoggi.it\/website\/wp-json\/wp\/v2\/tags?post=72269"}],"curies":[{"name":"wp","href":"https:\/\/api.w.org\/{rel}","templated":true}]}}