{"id":72244,"date":"2021-07-08T20:17:34","date_gmt":"2021-07-08T18:17:34","guid":{"rendered":"https:\/\/www.messinaoggi.it\/website\/2021\/07\/08\/cna-di-nicolo-presidente-regionale-del-mestiere-comunicazione-e-stampa\/"},"modified":"2021-07-08T20:17:34","modified_gmt":"2021-07-08T18:17:34","slug":"cna-di-nicolo-presidente-regionale-del-mestiere-comunicazione-e-stampa","status":"publish","type":"post","link":"https:\/\/www.messinaoggi.it\/website\/2021\/07\/08\/cna-di-nicolo-presidente-regionale-del-mestiere-comunicazione-e-stampa\/","title":{"rendered":"Cna, Di Nicol\u00f2 presidente regionale del mestiere \u201cComunicazione e Stampa\u201d"},"content":{"rendered":"<div>\n<p>PALERMO (ITALPRESS) \u2013 \u201cE\u2019 un settore nuovo a cui presteremo grande attenzione, sia in termini di offerta di servizi che in termini di rappresentanza sindacale e politica\u201d. Il neo presidente regionale del Mestiere \u201cComunicazione e Stampa\u201d, Costantino Di Nicol\u00f2, \u00e8 pronto ad investire tempo ed energie per dare slancio ad un settore che non sempre trova il necessario riscontro da parte delle Istituzioni. La votazione dell\u2019imprenditore messinese \u00e8 avvenuta in occasione dell\u2019appuntamento elettivo che ha aperto la stagione congressuale in ambito regionale per il rinnovo dei quadri dirigenti di CNA Sicilia per il prossimo quadriennio. C\u2019\u00e8 una importante novit\u00e0 che segner\u00e0 il nuovo corso della Confederazione dell\u2019Artigianato e della Piccola e Media Impresa: \u00e8 rappresentata dalla centralit\u00e0 dei mestieri. Di Nicol\u00f2, titolare di una tipografia nel territorio peloritano, ha un\u2019esperienza in questo settore quarantennale.<br \/>\nAccanto a lui opereranno i colleghi individuati nelle altre province siciliane che faranno parte del comitato esecutivo. Si tratta di Giuseppe Alfieri, Nunziata Palermo, Francesco Tamburella, Claudio Sinatra, Giovanni Mistretta e Andrea Baglieri. Eletto anche il presidente del settore Digitale. La scelta \u00e8 caduta sul catanese Carlo Sciuto, imprenditore impegnato nel campo dell\u2019informatica. Entrambi i mestieri saranno coordinati da Claudio Spoto, forte della sua esperienza professionale maturata nell\u2019ambito dell\u2019informazione. Il presidente regionale CNA, Nello Battiato, e il segretario Piero Giglione, augurano ai neo presidenti buon lavoro. Di Nicol\u00f2 ha gi\u00e0 le idee chiare: \u201cLavoreremo in sinergia e in stretta sintonia per mettere al centro della nostra azione il terziario avanzato. Il gioco di squadra sar\u00e0 la nostra forza, sar\u00e0 il nostro valore aggiunto. Uno dei punti che porter\u00f2 subito avanti, con il sostegno del coordinatore Spoto e dei vertici regionali della Confederazione, sar\u00e0 la leva del credito. Non \u00e8 possibile che le nostre realt\u00e0 produttive debbano essere costrette a subire pi\u00f9 di altre la crisi e ad incassare quanto dovuto per il lavoro svolto a singhiozzo\u201d.<br \/>\n\u201cAttraverso il nostro Consorzio Unifidi e Artigiancassa proveremo a mettere in piedi un prodotto che dovr\u00e0 affrancarci da questo disagio che inevitabilmente finisce per produrre un danno economico alle imprese del settore. Cos\u00ec come allargheremo la platea del mestiere, che mi accingo a guidare, agli editori e ai grafici in modo da rappresentarli per farci interpreti anche delle loro problematiche. Vogliamo essere inclusivi, propositivi ed incisivi \u2013 conclude Di Nicol\u00f2 \u2013 pianificando e promuovendo periodicamente una serie di iniziative e attivit\u00e0 che saranno frutto di un proficuo confronto con gli operatori del comparto\u201d. Il percorso completo, per la definizione degli assetti dei mestieri, si concluder\u00e0 entro fine luglio, mentre l\u2019assemblea regionale di Cna Sicilia verr\u00e0 celebrata il primo ottobre.<br \/>\n(ITALPRESS).<div id=\"div-gpt-ad-Messinaoggi.it-DSK-300x250-corpoart\" style=\"text-align:center;margin:0 auto;\"><\/div><\/p>\n<\/div>\n<div id=\"videoincontent\" style=\"clear:both\";><\/div>","protected":false},"excerpt":{"rendered":"<p>PALERMO (ITALPRESS) \u2013 \u201cE\u2019 un settore nuovo a cui presteremo grande attenzione, sia in termini di offerta di servizi che in termini di rappresentanza sindacale e politica\u201d. Il neo presidente regionale del Mestiere \u201cComunicazione e Stampa\u201d, Costantino Di Nicol\u00f2, \u00e8 pronto ad investire tempo ed energie per dare slancio ad un settore che non sempre [&hellip;]<\/p>\n","protected":false},"author":18,"featured_media":72245,"comment_status":"closed","ping_status":"closed","sticky":false,"template":"","format":"standard","meta":{"ub_ctt_via":"","_mi_skip_tracking":false},"categories":[2449],"tags":[783],"featured_image_src":"https:\/\/www.messinaoggi.it\/website\/wp-content\/uploads\/2021\/07\/DiNicola.jpg","author_info":{"display_name":"Admin","author_link":"https:\/\/www.messinaoggi.it\/website\/author\/admin\/"},"digistream_id":0,"digistream":false,"_links":{"self":[{"href":"https:\/\/www.messinaoggi.it\/website\/wp-json\/wp\/v2\/posts\/72244"}],"collection":[{"href":"https:\/\/www.messinaoggi.it\/website\/wp-json\/wp\/v2\/posts"}],"about":[{"href":"https:\/\/www.messinaoggi.it\/website\/wp-json\/wp\/v2\/types\/post"}],"author":[{"embeddable":true,"href":"https:\/\/www.messinaoggi.it\/website\/wp-json\/wp\/v2\/users\/18"}],"replies":[{"embeddable":true,"href":"https:\/\/www.messinaoggi.it\/website\/wp-json\/wp\/v2\/comments?post=72244"}],"version-history":[{"count":0,"href":"https:\/\/www.messinaoggi.it\/website\/wp-json\/wp\/v2\/posts\/72244\/revisions"}],"wp:featuredmedia":[{"embeddable":true,"href":"https:\/\/www.messinaoggi.it\/website\/wp-json\/wp\/v2\/media\/72245"}],"wp:attachment":[{"href":"https:\/\/www.messinaoggi.it\/website\/wp-json\/wp\/v2\/media?parent=72244"}],"wp:term":[{"taxonomy":"category","embeddable":true,"href":"https:\/\/www.messinaoggi.it\/website\/wp-json\/wp\/v2\/categories?post=72244"},{"taxonomy":"post_tag","embeddable":true,"href":"https:\/\/www.messinaoggi.it\/website\/wp-json\/wp\/v2\/tags?post=72244"}],"curies":[{"name":"wp","href":"https:\/\/api.w.org\/{rel}","templated":true}]}}