{"id":72174,"date":"2021-07-08T14:07:41","date_gmt":"2021-07-08T12:07:41","guid":{"rendered":"https:\/\/www.messinaoggi.it\/website\/2021\/07\/08\/voto-ai-18enni-per-senato-dinca-si-favorisce-partecipazione-giovani\/"},"modified":"2021-07-08T14:07:41","modified_gmt":"2021-07-08T12:07:41","slug":"voto-ai-18enni-per-senato-dinca-si-favorisce-partecipazione-giovani","status":"publish","type":"post","link":"https:\/\/www.messinaoggi.it\/website\/2021\/07\/08\/voto-ai-18enni-per-senato-dinca-si-favorisce-partecipazione-giovani\/","title":{"rendered":"Voto ai 18enni per Senato, D\u2019Inc\u00e0 \u201cSi favorisce partecipazione giovani\u201d"},"content":{"rendered":"<div>ROMA (ITALPRESS) &#8211; L&#8217;aula di Palazzo Madama ha approvato la riforma costituzionale che attribuisce ai 18enni il voto per eleggere il Senato. &#8220;Con il voto di oggi al Senato &#8211; afferma il Ministro per i rapporti con il Parlamento Federico D&#8217;Inc\u00e0 &#8211; la riforma costituzionale per la riduzione, da 25 a 18 anni, dell&#8217;et\u00e0 dell&#8217;elettorato attivo per il Senato della Repubblica termina positivamente il suo iter parlamentare. La riforma consentir\u00e0 di far partecipare al voto circa 4 milioni di giovani che oggi sono esclusi dall&#8217;elezione di una delle due Camere rappresentative dei cittadini. Si favorisce cos\u00ec la partecipazione delle nuove generazioni alla vita politica, obiettivo che da sempre il M5S persegue, e ci si allinea agli altri Paesi europei. Il voto di oggi testimonia anche che il metodo delle riforme puntuali, che ha gi\u00e0 portato alla riduzione del numero dei parlamentari lo scorso settembre, non solo \u00e8 efficace ma \u00e8 anche utile ad approvare le riforme necessarie con larga maggioranza, come testimonia il voto di oggi del Senato. La legge sar\u00e0 ora pubblicata sulla Gazzetta Ufficiale e entro tre mesi un quinto dei parlamentari di ciascuna camera, cinque consigli regionali o 500.000 elettori potranno richiedere l&#8217;eventuale referendum. In mancanza della richiesta, la legge entrer\u00e0 in vigore entro la fine dell&#8217;anno&#8221;.<br \/>(ITALPRESS).<\/div>\n<div id=\"div-gpt-ad-Messinaoggi.it-DSK-300x250-corpoart\" style=\"text-align:center;margin:0 auto;\"><\/div><\/p><div id=\"videoincontent\" style=\"clear:both\";><\/div>","protected":false},"excerpt":{"rendered":"<p>ROMA (ITALPRESS) &#8211; L&#8217;aula di Palazzo Madama ha approvato la riforma costituzionale che attribuisce ai 18enni il voto per eleggere il Senato. &#8220;Con il voto di oggi al Senato &#8211; afferma il Ministro per i rapporti con il Parlamento Federico D&#8217;Inc\u00e0 &#8211; la riforma costituzionale per la riduzione, da 25 a 18 anni, dell&#8217;et\u00e0 dell&#8217;elettorato [&hellip;]<\/p>\n","protected":false},"author":18,"featured_media":72175,"comment_status":"closed","ping_status":"closed","sticky":false,"template":"","format":"standard","meta":{"ub_ctt_via":"","_mi_skip_tracking":false},"categories":[446],"tags":[783],"featured_image_src":"https:\/\/www.messinaoggi.it\/website\/wp-content\/uploads\/2021\/07\/20210708_0625.jpg","author_info":{"display_name":"Admin","author_link":"https:\/\/www.messinaoggi.it\/website\/author\/admin\/"},"digistream_id":0,"digistream":false,"_links":{"self":[{"href":"https:\/\/www.messinaoggi.it\/website\/wp-json\/wp\/v2\/posts\/72174"}],"collection":[{"href":"https:\/\/www.messinaoggi.it\/website\/wp-json\/wp\/v2\/posts"}],"about":[{"href":"https:\/\/www.messinaoggi.it\/website\/wp-json\/wp\/v2\/types\/post"}],"author":[{"embeddable":true,"href":"https:\/\/www.messinaoggi.it\/website\/wp-json\/wp\/v2\/users\/18"}],"replies":[{"embeddable":true,"href":"https:\/\/www.messinaoggi.it\/website\/wp-json\/wp\/v2\/comments?post=72174"}],"version-history":[{"count":0,"href":"https:\/\/www.messinaoggi.it\/website\/wp-json\/wp\/v2\/posts\/72174\/revisions"}],"wp:featuredmedia":[{"embeddable":true,"href":"https:\/\/www.messinaoggi.it\/website\/wp-json\/wp\/v2\/media\/72175"}],"wp:attachment":[{"href":"https:\/\/www.messinaoggi.it\/website\/wp-json\/wp\/v2\/media?parent=72174"}],"wp:term":[{"taxonomy":"category","embeddable":true,"href":"https:\/\/www.messinaoggi.it\/website\/wp-json\/wp\/v2\/categories?post=72174"},{"taxonomy":"post_tag","embeddable":true,"href":"https:\/\/www.messinaoggi.it\/website\/wp-json\/wp\/v2\/tags?post=72174"}],"curies":[{"name":"wp","href":"https:\/\/api.w.org\/{rel}","templated":true}]}}