{"id":72143,"date":"2021-07-08T11:53:52","date_gmt":"2021-07-08T09:53:52","guid":{"rendered":"http:\/\/www.messinaoggi.it\/website\/?p=72143"},"modified":"2021-07-08T11:53:55","modified_gmt":"2021-07-08T09:53:55","slug":"ct-inaugurata-la-tratta-mazara-pantelleria","status":"publish","type":"post","link":"https:\/\/www.messinaoggi.it\/website\/2021\/07\/08\/ct-inaugurata-la-tratta-mazara-pantelleria\/","title":{"rendered":"C&amp;T, inaugurata la tratta Mazara-Pantelleria"},"content":{"rendered":"\n<p>&#8220;La Mazara-Pantelleria \u00e8 una di quelle rotte che potremmo ben definire \u201cnaturali\u201d, che infatti ci sono sempre state ed oggi semplicemente ritornano\u201d. Cos\u00ec Vincenzo Franza, AD del Gruppo Caronte &amp; Tourist, alla cerimonia di inaugurazione della rediviva tratta Mazara-Pantelleria, che torna dopo quasi vent\u2019anni.<div id=\"div-gpt-ad-Messinaoggi.it-DSK-300x250-corpoart\" style=\"text-align:center;margin:0 auto;\"><\/div><\/p>\n\n\n\n<p>Sulla \u201cPietro Novelli\u201d, ormeggiata alla banchina Mokarta del porto nuovo di Mazara, presenti oltre i vertici di Caronte &amp; Tourist, il presidente della Regione Musumeci, il presidente dell\u2019Ars Miccich\u00e8, gli assessori Falcone e Scilla, il sindaco di Mazara, numerose autorit\u00e0 ed amministratori locali.<div id=\"videoincontent\" style=\"clear:both\";><\/div><\/p>\n\n\n\n<p>\u201cSiamo molto soddisfatti &#8211; ha detto Franza &#8211; perch\u00e9 torniamo qui a fare il nostro lavoro, che \u00e8 quello di trasportare passeggeri e mezzi. Ma anche perch\u00e9 registriamo un clima di grande collaborazione istituzionale, tra i diversi livelli di governo a cominciare dalla Regione, e tra questi e i mondi vitali, imprese terziario associazionismo, che animano i territori.<\/p>\n\n\n\n<p>&#8220;Di questo rinnovato positivo clima sono d\u2019altro canto testimoni le prestigiose presenze istituzionali oggi qui, su questa nostra nave che dopo tanti anni torna a collegare, ma soprattutto a unire ancor pi\u00f9, pezzi importanti di questo territorio\u201d.<\/p>\n","protected":false},"excerpt":{"rendered":"<p>&#8220;La Mazara-Pantelleria \u00e8 una di quelle rotte che potremmo ben definire \u201cnaturali\u201d, che infatti ci sono sempre state ed oggi semplicemente ritornano\u201d. Cos\u00ec Vincenzo Franza, AD del Gruppo Caronte &amp; Tourist, alla cerimonia di inaugurazione della rediviva tratta Mazara-Pantelleria, che torna dopo quasi vent\u2019anni. Sulla \u201cPietro Novelli\u201d, ormeggiata alla banchina Mokarta del porto nuovo di [&hellip;]<\/p>\n","protected":false},"author":8,"featured_media":72137,"comment_status":"open","ping_status":"open","sticky":false,"template":"","format":"standard","meta":{"ub_ctt_via":"","_mi_skip_tracking":false},"categories":[11],"tags":[146,2478],"featured_image_src":"https:\/\/www.messinaoggi.it\/website\/wp-content\/uploads\/2021\/07\/IMG-20210708-WA0003.jpg","author_info":{"display_name":"red..me","author_link":"https:\/\/www.messinaoggi.it\/website\/author\/redstage\/"},"digistream_id":0,"digistream":false,"_links":{"self":[{"href":"https:\/\/www.messinaoggi.it\/website\/wp-json\/wp\/v2\/posts\/72143"}],"collection":[{"href":"https:\/\/www.messinaoggi.it\/website\/wp-json\/wp\/v2\/posts"}],"about":[{"href":"https:\/\/www.messinaoggi.it\/website\/wp-json\/wp\/v2\/types\/post"}],"author":[{"embeddable":true,"href":"https:\/\/www.messinaoggi.it\/website\/wp-json\/wp\/v2\/users\/8"}],"replies":[{"embeddable":true,"href":"https:\/\/www.messinaoggi.it\/website\/wp-json\/wp\/v2\/comments?post=72143"}],"version-history":[{"count":1,"href":"https:\/\/www.messinaoggi.it\/website\/wp-json\/wp\/v2\/posts\/72143\/revisions"}],"predecessor-version":[{"id":72144,"href":"https:\/\/www.messinaoggi.it\/website\/wp-json\/wp\/v2\/posts\/72143\/revisions\/72144"}],"wp:featuredmedia":[{"embeddable":true,"href":"https:\/\/www.messinaoggi.it\/website\/wp-json\/wp\/v2\/media\/72137"}],"wp:attachment":[{"href":"https:\/\/www.messinaoggi.it\/website\/wp-json\/wp\/v2\/media?parent=72143"}],"wp:term":[{"taxonomy":"category","embeddable":true,"href":"https:\/\/www.messinaoggi.it\/website\/wp-json\/wp\/v2\/categories?post=72143"},{"taxonomy":"post_tag","embeddable":true,"href":"https:\/\/www.messinaoggi.it\/website\/wp-json\/wp\/v2\/tags?post=72143"}],"curies":[{"name":"wp","href":"https:\/\/api.w.org\/{rel}","templated":true}]}}