{"id":72129,"date":"2021-07-08T11:02:32","date_gmt":"2021-07-08T09:02:32","guid":{"rendered":"https:\/\/www.messinaoggi.it\/website\/2021\/07\/08\/palermo-presentato-il-397-festino-di-santa-rosalia\/"},"modified":"2021-07-08T11:02:32","modified_gmt":"2021-07-08T09:02:32","slug":"palermo-presentato-il-397-festino-di-santa-rosalia","status":"publish","type":"post","link":"https:\/\/www.messinaoggi.it\/website\/2021\/07\/08\/palermo-presentato-il-397-festino-di-santa-rosalia\/","title":{"rendered":"Palermo, presentato il 397\u00b0 Festino di Santa Rosalia"},"content":{"rendered":"<div>\n<p>PALERMO (ITALPRESS) \u2013 Sale l\u2019attesa a Palermo per la 397esima edizione del Festino di Santa Rosalia, che quest\u2019anno, tra il rispetto delle normative Covid e la voglia di una ripartenza dopo un anno e mezzo di sofferenze, mira a un\u2019organizzazione votata alla sostanza senza troppi orpelli. Non ci sar\u00e0 il classico appuntamento con la processione della sera del 14, ma si tratta di un\u2019edizione comunque ricca e carica di speranza per il futuro. Il Festino 2021 \u00e8 stato presentato quest\u2019oggi al Palazzo Arcivescovile di Palermo alla presenza, tra gli altri, del sindaco Leoluca Orlando e dell\u2019arcivescovo Corrado Lorefice, e sono stati resi noti alcuni dettagli sull\u2019edizione che prender\u00e0 il via gi\u00e0 da sabato 10 luglio per poi protrarsi fino al consueto momento strettamente religioso con la celebrazione eucaristica di giorno 15. E idealmente, il termine delle attivit\u00e0 sar\u00e0 in realt\u00e0 l\u2019inizio di un cammino che porta all\u2019altro appuntamento di celebrazione della santa protettrice della citt\u00e0, quello del 4 settembre, in cui ci si augura di poter effettuare la cosiddetta \u2018acchianat\u00e0 senza limitazioni dovute alla pandemia. <br \/>Sar\u00e0 un Festino diverso dalle precedenti edizioni, a cominciare dal ruolo del carro, che non sfiler\u00e0 in processione per le vie del Cassaro, ma che verr\u00e0 spostato da piazza del Parlamento ai Quattro Canti, dove stazioner\u00e0, illuminato a dovere, dalla notte del 9 al 15 luglio. Scendendo nel dettaglio dei costi, si tratta di una delle edizioni pi\u00f9 economiche: per le luminarie sono stati investiti 16.000 euro, mentre per il restauro del carro e per il suo trasporto l\u2019esborso \u00e8 stato di 24.000 euro. Il carro, infatti, era stato vandalizzato nei mesi scorsi con delle bombolette spray e usato anche come fosse un camper e la sua rimessa a nuovo \u00e8 stata affidata alla VM Agency di Vincenzo Montanelli. Non possono mancare i fuochi d\u2019artificio, che eccezionalmente per evitare assembramenti si terranno in cinque zone diverse della citt\u00e0. I giochi pirotecnici avranno luogo dalle postazioni di Bandita, Sant\u2019Erasmo, Acquasanta, Mondello e Sferracavallo, a cura dell\u2019Autorit\u00e0 di Sistema Portuale del Mare di Sicilia Occidentale. <br \/>Tra le novit\u00e0, l\u2019elicottero dell\u2019Esercito che sorvoler\u00e0 la citt\u00e0 con al suo interno un reliquario della \u2018Santuzz\u00e0 e a bordo l\u2019arcivescovo Corrado Lorefice, che ha voluto sottolineare l\u2019importanza di questo Festino in tempo di pandemia: \u201cE\u2019 una festa che nel corso dei secoli non fa altro che ricordarci questa presenza che accompagna le esistenze dei palermitani, alla quale si sono legati tanti diversi molteplici destini. Noi sentiamo realmente come parte integrante della nostra citt\u00e0 la nostra Santuzza. La sfida della pandemia ci porta a un tempo fatto di domande \u2013 ha aggiunto l\u2019arcivescovo della diocesi palermitana \u2013 Le domande come sempre ci uniscono a cercare e condividere una citt\u00e0 segnata da una continua prospettiva di corresponsabilit\u00e0. Non ci sar\u00e0 il festino consueto, non ci sar\u00e0 la processione, ma Rosalia quest\u2019anno sar\u00e0 ancora pi\u00f9 con noi consegnandoci un forte messaggio di solidariet\u00e0 e speranza, quello di avere e prenderci cura\u201d. <br \/>Si tratta dell\u2019ultimo Festino per Leoluca Orlando come sindaco della citt\u00e0 e il suo auspicio \u00e8 quello che tutti i cittadini possano urlare il canonico \u201cViva Palermo e Santa Rosalia\u201d per combattere in un\u2019unione di intenti gli effetti drammatici del Covid: \u201cQuella di Santa Rosalia \u00e8 una festa comunque e ogni anno. La festa non vuol dire solo divertimento, ma ha anche un valore, una sua dimensione, vale a dire la libert\u00e0 dalla paura \u2013 ha spiegato Orlando \u2013 Palermo riparte come citt\u00e0 che si fa comunit\u00e0: giorno 15 ci sar\u00e0 l\u2019importante incontro tra le diverse fedi religiose, un altro modo per esprimere l\u2019anima della citt\u00e0 che \u00e8 un mosaico arcobaleno. E\u2019 un festino in cui l\u2019intera citt\u00e0, non il sindaco, deve urlare \u2018viva Palermo e Santa Rosalia\u201d.<br \/>(ITALPRESS).<div id=\"div-gpt-ad-Messinaoggi.it-DSK-300x250-corpoart\" style=\"text-align:center;margin:0 auto;\"><\/div><\/p>\n<\/div>\n<div id=\"videoincontent\" style=\"clear:both\";><\/div>","protected":false},"excerpt":{"rendered":"<p>PALERMO (ITALPRESS) \u2013 Sale l\u2019attesa a Palermo per la 397esima edizione del Festino di Santa Rosalia, che quest\u2019anno, tra il rispetto delle normative Covid e la voglia di una ripartenza dopo un anno e mezzo di sofferenze, mira a un\u2019organizzazione votata alla sostanza senza troppi orpelli. Non ci sar\u00e0 il classico appuntamento con la processione [&hellip;]<\/p>\n","protected":false},"author":18,"featured_media":72130,"comment_status":"closed","ping_status":"closed","sticky":false,"template":"","format":"standard","meta":{"ub_ctt_via":"","_mi_skip_tracking":false},"categories":[2449],"tags":[783],"featured_image_src":"https:\/\/www.messinaoggi.it\/website\/wp-content\/uploads\/2021\/07\/20210708_0247.jpg","author_info":{"display_name":"Admin","author_link":"https:\/\/www.messinaoggi.it\/website\/author\/admin\/"},"digistream_id":0,"digistream":false,"_links":{"self":[{"href":"https:\/\/www.messinaoggi.it\/website\/wp-json\/wp\/v2\/posts\/72129"}],"collection":[{"href":"https:\/\/www.messinaoggi.it\/website\/wp-json\/wp\/v2\/posts"}],"about":[{"href":"https:\/\/www.messinaoggi.it\/website\/wp-json\/wp\/v2\/types\/post"}],"author":[{"embeddable":true,"href":"https:\/\/www.messinaoggi.it\/website\/wp-json\/wp\/v2\/users\/18"}],"replies":[{"embeddable":true,"href":"https:\/\/www.messinaoggi.it\/website\/wp-json\/wp\/v2\/comments?post=72129"}],"version-history":[{"count":0,"href":"https:\/\/www.messinaoggi.it\/website\/wp-json\/wp\/v2\/posts\/72129\/revisions"}],"wp:featuredmedia":[{"embeddable":true,"href":"https:\/\/www.messinaoggi.it\/website\/wp-json\/wp\/v2\/media\/72130"}],"wp:attachment":[{"href":"https:\/\/www.messinaoggi.it\/website\/wp-json\/wp\/v2\/media?parent=72129"}],"wp:term":[{"taxonomy":"category","embeddable":true,"href":"https:\/\/www.messinaoggi.it\/website\/wp-json\/wp\/v2\/categories?post=72129"},{"taxonomy":"post_tag","embeddable":true,"href":"https:\/\/www.messinaoggi.it\/website\/wp-json\/wp\/v2\/tags?post=72129"}],"curies":[{"name":"wp","href":"https:\/\/api.w.org\/{rel}","templated":true}]}}