{"id":72049,"date":"2021-07-08T10:00:00","date_gmt":"2021-07-08T08:00:00","guid":{"rendered":"http:\/\/www.messinaoggi.it\/website\/?p=72049"},"modified":"2021-07-07T18:47:15","modified_gmt":"2021-07-07T16:47:15","slug":"calcio-citta-di-taormina-conferma-lorganigramma-per-la-nuova-stagione","status":"publish","type":"post","link":"https:\/\/www.messinaoggi.it\/website\/2021\/07\/08\/calcio-citta-di-taormina-conferma-lorganigramma-per-la-nuova-stagione\/","title":{"rendered":"CALCIO &#8211; Citt\u00e0 di Taormina conferma l&#8217;organigramma per la nuova stagione"},"content":{"rendered":"\n<p>Inizia ufficialmente la stagione 2021\/2022 dell\u2019Asd Citt\u00e0 di Taormina, pronta a ripartire con ambizioni ancora pi\u00f9 forti dopo un anno complicato, interrotto bruscamente dopo appena tre mesi di attivit\u00e0 a causa dell\u2019emergenza sanitaria.<div id=\"div-gpt-ad-Messinaoggi.it-DSK-300x250-corpoart\" style=\"text-align:center;margin:0 auto;\"><\/div><\/p>\n\n\n\n<p>Ambizioni rinnovate, ma spirito e uomini chiave che restano intatti all\u2019interno della societ\u00e0: confermati dal Consiglio d\u2019Amministrazione il presidente Mario Castorina, il vice Natale Mangano e l\u2019Amministratore delegato Maurizio Lo Re. Area tecnico-amministrativa supervisionata ancora dal Direttore generale Giovanni Cardullo, con Luigi D\u2019Alessandro confermato nel ruolo di Responsabile organizzativo e Gaetano La Versa in quello di Segretario generale. Settore giovanile che resta sotto la cura del responsabile Nicola Span\u00f2.<div id=\"videoincontent\" style=\"clear:both\";><\/div><\/p>\n\n\n\n<p>Nei prossimi giorni saranno rese note le decisioni riguardanti la guida tecnica della prima squadra e di tutte le formazioni del settore giovanile della societ\u00e0 biancazzurra.<\/p>\n\n\n\n<p>Di seguito si rende nota una parte dell\u2019organigramma dell\u2019Asd Citt\u00e0 di Taormina per la stagione 2020\/2021:<\/p>\n\n\n\n<p><strong>Presidente<\/strong>: Mario Castorina<br><strong>Vicepresidente<\/strong>: Natale Mangano<br><strong>Amministratore delegato<\/strong>: Maurizio Lo Re<br><strong>Direttore generale<\/strong>: Giovanni Cardullo<br><strong>Responsabile tecnico-organizzativo<\/strong>: Luigi D\u2019Alessandro<br><strong>Segretario generale<\/strong>: Gaetano La Versa<br><strong>Responsabile settore giovanile<\/strong>: Nicola Span\u00f2<br><br><\/p>\n","protected":false},"excerpt":{"rendered":"<p>Inizia ufficialmente la stagione 2021\/2022 dell\u2019Asd Citt\u00e0 di Taormina, pronta a ripartire con ambizioni ancora pi\u00f9 forti dopo un anno complicato, interrotto bruscamente dopo appena tre mesi di attivit\u00e0 a causa dell\u2019emergenza sanitaria. Ambizioni rinnovate, ma spirito e uomini chiave che restano intatti all\u2019interno della societ\u00e0: confermati dal Consiglio d\u2019Amministrazione il presidente Mario Castorina, il [&hellip;]<\/p>\n","protected":false},"author":17,"featured_media":72050,"comment_status":"open","ping_status":"open","sticky":false,"template":"","format":"standard","meta":{"ub_ctt_via":"","_mi_skip_tracking":false},"categories":[10,9],"tags":[270,2473],"featured_image_src":"https:\/\/www.messinaoggi.it\/website\/wp-content\/uploads\/2021\/07\/Lo-Re-Farina-Spano-Mangano-Castorina-e-Cardullo.png","author_info":{"display_name":"Giuseppe Luppino","author_link":"https:\/\/www.messinaoggi.it\/website\/author\/g-luppino\/"},"digistream_id":0,"digistream":false,"_links":{"self":[{"href":"https:\/\/www.messinaoggi.it\/website\/wp-json\/wp\/v2\/posts\/72049"}],"collection":[{"href":"https:\/\/www.messinaoggi.it\/website\/wp-json\/wp\/v2\/posts"}],"about":[{"href":"https:\/\/www.messinaoggi.it\/website\/wp-json\/wp\/v2\/types\/post"}],"author":[{"embeddable":true,"href":"https:\/\/www.messinaoggi.it\/website\/wp-json\/wp\/v2\/users\/17"}],"replies":[{"embeddable":true,"href":"https:\/\/www.messinaoggi.it\/website\/wp-json\/wp\/v2\/comments?post=72049"}],"version-history":[{"count":1,"href":"https:\/\/www.messinaoggi.it\/website\/wp-json\/wp\/v2\/posts\/72049\/revisions"}],"predecessor-version":[{"id":72051,"href":"https:\/\/www.messinaoggi.it\/website\/wp-json\/wp\/v2\/posts\/72049\/revisions\/72051"}],"wp:featuredmedia":[{"embeddable":true,"href":"https:\/\/www.messinaoggi.it\/website\/wp-json\/wp\/v2\/media\/72050"}],"wp:attachment":[{"href":"https:\/\/www.messinaoggi.it\/website\/wp-json\/wp\/v2\/media?parent=72049"}],"wp:term":[{"taxonomy":"category","embeddable":true,"href":"https:\/\/www.messinaoggi.it\/website\/wp-json\/wp\/v2\/categories?post=72049"},{"taxonomy":"post_tag","embeddable":true,"href":"https:\/\/www.messinaoggi.it\/website\/wp-json\/wp\/v2\/tags?post=72049"}],"curies":[{"name":"wp","href":"https:\/\/api.w.org\/{rel}","templated":true}]}}