{"id":71949,"date":"2021-07-07T10:30:19","date_gmt":"2021-07-07T08:30:19","guid":{"rendered":"http:\/\/www.messinaoggi.it\/website\/?p=71949"},"modified":"2021-07-07T10:32:09","modified_gmt":"2021-07-07T08:32:09","slug":"nemo-sud-de-luca-m5s-la-chiusura-sta-producendo-i-primi-disagi-e-ci-colpa-musumeci","status":"publish","type":"post","link":"https:\/\/www.messinaoggi.it\/website\/2021\/07\/07\/nemo-sud-de-luca-m5s-la-chiusura-sta-producendo-i-primi-disagi-e-ci-colpa-musumeci\/","title":{"rendered":"Nemo Sud, De Luca (M5S): \u201cLa chiusura sta producendo i primi disagi e ci colpa Musumeci\u201d"},"content":{"rendered":"\n<p>Non si fermano gli appelli di solidariet\u00e0 alla mamma del piccolo Peter, bimbo in cura presso il Centro Nemo Sud, il Centro dedicato ai pazienti con malattie neuromuscolari che da gioved\u00ec scorso, primo luglio, ha chiuso i battenti per il mancato rinnovo di una convenzione tra Policlinico, che ospitava il Centro, e fondazione Aurora, che lo gestiva.<div id=\"div-gpt-ad-Messinaoggi.it-DSK-300x250-corpoart\" style=\"text-align:center;margin:0 auto;\"><\/div><\/p>\n\n\n\n<p>I circa 5.000 pazienti del Centro sono stati trasferiti alle Unit\u00e0 operative preposte del Policlinico, ma in tanti temono che l\u2019ospedale non possa essere all\u2019altezza di gestire un servizio tanto delicato rivolto a una platea cos\u00ec ampia di pazienti. La madre di Peter, ad esempio, in un video-sfogo ha denunciato attese di ore per una visita ambulatoriale a causa dell\u2019assenza della dottoressa di turno. Tra l\u2019altro, durante l\u2019attesa, il bimbo era stato temporaneamente assistito da un altro medico, che per\u00f2, stando a quanto dichiarato dalla mamma, sembrava molto impreparato sull\u2019argomento: \u201cCon la chiusura del Centro Nemo abbiamo detto addio all\u2019assistenza da parte di personale specializzato\u201d, ha dichiarato la donna.<div id=\"videoincontent\" style=\"clear:both\";><\/div><\/p>\n\n\n\n<p>Su quanto accaduto, tra gli altri, \u00e8 intervenuto il deputato all\u2019Ars in quota 5 Stelle Antonio De Luca, che continua a puntare il dito contro il governo regionale, accusandolo di essere tra le concause che hanno portato alla chiusura del Centro Nemo: \u201cCome previsto, la chiusura del Centro Nemo Sud sta causando i primi enormi disagi ai malati e alle loro famiglie. \u2013 ha esordito De Luca &#8211; Il racconto della mamma di Peter la dice lunga su quello che potrebbe accadere d&#8217;ora in avanti a tutti quei pazienti affetti da gravi malattie neuromuscolari che necessitano di cure e assistenza specialistiche.<\/p>\n\n\n\n<p>\u201cIl Nemo Sud poteva contare su personale medico e infermieristico altamente specializzato, che conosceva la storia clinica di ciascun paziente ed era in grado di seguire in maniera puntuale ed approfondita ogni singola persona. In questo momento, il Policlinico di Messina non pu\u00f2 garantire il medesimo livello di efficienza nell&#8217;ambito delle normali attivit\u00e0 dei reparti coinvolti. L&#8217;approccio multidisciplinare, che caratterizzava il Nemo Sud grazie alla presenza di varie e qualificate professionalit\u00e0, non \u00e8 facilmente replicabile e questo rischia di penalizzare i pazienti oltre ogni misura.<\/p>\n\n\n\n<p>\u201cIl Governo Musumeci \u00e8 responsabile di questa situazione, perch\u00e9 non \u00e8 riuscito ad evitare che si arrivasse alla chiusura del centro specializzato in malattie neuromuscolari. Musumeci ed il &#8216;riabilitato&#8217; Razza sono intervenuti tardivamente e, di fatto, senza trovare una soluzione idonea per i pazienti e le loro famiglie. Non si pu\u00f2 restare indifferenti dinanzi allo sfogo della madre di Peter ed \u00e8 soprattutto a lei e a tutti i familiari delle persone pi\u00f9 vulnerabili che la Regione deve dare risposte concrete. Fino ad oggi abbiamo assistito a inutili proclami del Governo Musumeci, che nulla ha fatto per salvare il Nemo Sud, con il risultato che il Centro ha chiuso i battenti ed i pazienti sono stati abbandonati al loro destino\u201d.<\/p>\n","protected":false},"excerpt":{"rendered":"<p>Non si fermano gli appelli di solidariet\u00e0 alla mamma del piccolo Peter, bimbo in cura presso il Centro Nemo Sud, il Centro dedicato ai pazienti con malattie neuromuscolari che da gioved\u00ec scorso, primo luglio, ha chiuso i battenti per il mancato rinnovo di una convenzione tra Policlinico, che ospitava il Centro, e fondazione Aurora, che [&hellip;]<\/p>\n","protected":false},"author":8,"featured_media":17756,"comment_status":"open","ping_status":"open","sticky":false,"template":"","format":"standard","meta":{"ub_ctt_via":"","_mi_skip_tracking":false},"categories":[4],"tags":[1113,1609,2469],"featured_image_src":"https:\/\/www.messinaoggi.it\/website\/wp-content\/uploads\/2018\/04\/antonio-de-luca-m5s_8410-1.jpg","author_info":{"display_name":"red..me","author_link":"https:\/\/www.messinaoggi.it\/website\/author\/redstage\/"},"digistream_id":0,"digistream":false,"_links":{"self":[{"href":"https:\/\/www.messinaoggi.it\/website\/wp-json\/wp\/v2\/posts\/71949"}],"collection":[{"href":"https:\/\/www.messinaoggi.it\/website\/wp-json\/wp\/v2\/posts"}],"about":[{"href":"https:\/\/www.messinaoggi.it\/website\/wp-json\/wp\/v2\/types\/post"}],"author":[{"embeddable":true,"href":"https:\/\/www.messinaoggi.it\/website\/wp-json\/wp\/v2\/users\/8"}],"replies":[{"embeddable":true,"href":"https:\/\/www.messinaoggi.it\/website\/wp-json\/wp\/v2\/comments?post=71949"}],"version-history":[{"count":2,"href":"https:\/\/www.messinaoggi.it\/website\/wp-json\/wp\/v2\/posts\/71949\/revisions"}],"predecessor-version":[{"id":71951,"href":"https:\/\/www.messinaoggi.it\/website\/wp-json\/wp\/v2\/posts\/71949\/revisions\/71951"}],"wp:featuredmedia":[{"embeddable":true,"href":"https:\/\/www.messinaoggi.it\/website\/wp-json\/wp\/v2\/media\/17756"}],"wp:attachment":[{"href":"https:\/\/www.messinaoggi.it\/website\/wp-json\/wp\/v2\/media?parent=71949"}],"wp:term":[{"taxonomy":"category","embeddable":true,"href":"https:\/\/www.messinaoggi.it\/website\/wp-json\/wp\/v2\/categories?post=71949"},{"taxonomy":"post_tag","embeddable":true,"href":"https:\/\/www.messinaoggi.it\/website\/wp-json\/wp\/v2\/tags?post=71949"}],"curies":[{"name":"wp","href":"https:\/\/api.w.org\/{rel}","templated":true}]}}