{"id":7186,"date":"2017-09-02T16:04:33","date_gmt":"2017-09-02T14:04:33","guid":{"rendered":"http:\/\/www.messinaoggi.it\/website\/?p=7186"},"modified":"2017-09-02T16:04:33","modified_gmt":"2017-09-02T14:04:33","slug":"acr-finisce-lattesa-domani-lesordio-a-portici-assente-tricamo","status":"publish","type":"post","link":"https:\/\/www.messinaoggi.it\/website\/2017\/09\/02\/acr-finisce-lattesa-domani-lesordio-a-portici-assente-tricamo\/","title":{"rendered":"ACR, finisce l&#039;attesa: domani l&#039;esordio a Portici. Assente Tricamo"},"content":{"rendered":"<p>Dopo un\u2019estate che ha sancito l\u2019ennesimo fallimento della prima squadra cittadina con la conseguente rinascita, il campo si appresta a catalizzare le attenzioni su di s\u00e9 lasciando ai margini, almeno momentaneamente, chiacchiere e discussioni da bar. Il Messina nel pomeriggio si diriger\u00e0 in Campania, dove domani scender\u00e0 in campo contro il Portici. Per l\u2019occasione, \u00e8 stata concessa l\u2019agibilit\u00e0 provvisoria allo stadio <em>Alberto Villafuoco<\/em> di Mugnano, che quindi potr\u00e0 ospitare complessivamente 2500 tifosi tra locali ed ospiti.<br \/>\nTerminata la rifinitura a Torregrotta, mister Venuto ha diramato la lista dei convocati nella quale risulta assente l\u2019esperto difensore Tricamo, alle prese con un problema muscolare. I portieri a disposizione saranno Federico Gagliardini ed il classe 2000 Federico Meo. In difesa il tecnico ex Due Torri potr\u00e0 contare sugli \u201cover\u201d Riccardo Cassaro, Francesco Colombini e Marco Manetta, e sugli \u201cunder\u201d Carmelo Bucca (1998), Gennaro Cozzolino (1998), Damiano Lia (1997) e Antonio Mosca (1997). I centrocampisti in lista sono Giovanni Lavrendi, Andrea Migliorini, Bruno Pezzella, Lorenzo Mariani, Fabio Bossa (1998) e Demetrio Scopelliti (1997). Infine in attacco sono stati convocati Davide Bonadio (1997), Salvatore Cocuzza, Biagio Carini (1999), Leandro Rizzo, Ange Tresor Dezai e Agostino Mascari (1999). Alla luce dell\u2019accordo non ancora concretizzato con la Vibonese, non sar\u00e0 presente a Portici nessuno dei tre \u201cunder\u201d, con il portiere scuola Inter Brugnoni (1999) in testa, di cui il presidente Sciotto aveva parlato nella conferenza di gioved\u00ec. L\u2019accordo con la squadra Calabrese in ogni caso dovrebbe essere ratificato ad inizio settimana prossima nel momento in cui la Vibonese verr\u00e0 riammessa ufficialmente in terza serie. In porta quindi la scelta di Venuto dovrebbe ricadere su Gagliardini, che verr\u00e0 protetto da una linea difensiva composta da Cassaro, Colombini e Manetta. A centrocampo sulle corsie esterne dovrebbero vedersi Cozzolino (1998) e Lia (1997), mentre al centro Pezzella verr\u00e0 affiancato da Bossa (1998). Sulla trequarti due ballottaggi: Rizzo e Carini sembrano essere in vantaggio rispettivamente su Bonadio e Mascari. Per il ruolo di centravanti Dezai dovrebbe spuntarla su Cocuzza.<br \/>\nIn casa Portici c\u2019\u00e8 tanto entusiasmo per l\u2019esordio contro la squadra dalla storia pi\u00f9 importante del Girone I della Serie D 2017-18. Il tecnico Gianluca Esposito, direttamente sul sito ufficiale della societ\u00e0 campana, ha dichiarato di essere consapevole di affrontare una delle avversarie pi\u00f9 scomode, ma ha altres\u00ec ammesso che il Portici si far\u00e0 trovare pronto e potr\u00e0 mettere in difficolt\u00e0 tutte le rivali. Per quanto riguarda l\u2019undici iniziale, Esposito dovrebbe optare per un 3-5-2. Ci sar\u00e0 sicuramente Sorrentino tra i pali, davanti al quale troveranno posto Montuori, Albanese e Russo. De Magistris e Menna si muoveranno sugli esterni, mentre Fontanarosa, Panico e Onda (con pi\u00f9 libert\u00e0 di movimento rispetto agli altri due) stazioneranno nella zona centrale del campo. Infine il tandem d\u2019attacco, per il quale sono in tre a lottare per una maglia da titolare: Maggio e Varriale sono favoriti, ma Cherillo scalpita.<br \/>\nPORTICI (3-5-2): Sorrentino; Montuori, Albanese, Russo; De Magistris, Panico, Fontanarosa, Onda, Menna; Maggio (Cherillo), Varriale.<br \/>\nMESSINA (3-4-2-1): Gagliardini; Cassaro, Colombini, Manetta; Cozzolino, Pezzella, Bossa, Lia; Rizzo, Carini; Dezai.<div id=\"div-gpt-ad-Messinaoggi.it-DSK-300x250-corpoart\" style=\"text-align:center;margin:0 auto;\"><\/div><\/p>\n<div id=\"videoincontent\" style=\"clear:both\";><\/div>","protected":false},"excerpt":{"rendered":"<p>Dopo un\u2019estate che ha sancito l\u2019ennesimo fallimento della prima squadra cittadina con la conseguente rinascita, il campo si appresta a catalizzare le attenzioni su di s\u00e9 lasciando ai margini, almeno momentaneamente, chiacchiere e discussioni da bar. Il Messina nel pomeriggio si diriger\u00e0 in Campania, dove domani scender\u00e0 in campo contro il Portici. Per l\u2019occasione, \u00e8 [&hellip;]<\/p>\n","protected":false},"author":13,"featured_media":7178,"comment_status":"closed","ping_status":"open","sticky":false,"template":"","format":"standard","meta":{"ub_ctt_via":"","_mi_skip_tracking":false},"categories":[10,9],"tags":[],"featured_image_src":"https:\/\/www.messinaoggi.it\/website\/wp-content\/uploads\/2017\/09\/stadio-vallefuoco-mugnano-di-napoli-2.jpg","author_info":{"display_name":"Alessandro Tavani","author_link":"https:\/\/www.messinaoggi.it\/website\/author\/a-tavani\/"},"digistream_id":0,"digistream":false,"_links":{"self":[{"href":"https:\/\/www.messinaoggi.it\/website\/wp-json\/wp\/v2\/posts\/7186"}],"collection":[{"href":"https:\/\/www.messinaoggi.it\/website\/wp-json\/wp\/v2\/posts"}],"about":[{"href":"https:\/\/www.messinaoggi.it\/website\/wp-json\/wp\/v2\/types\/post"}],"author":[{"embeddable":true,"href":"https:\/\/www.messinaoggi.it\/website\/wp-json\/wp\/v2\/users\/13"}],"replies":[{"embeddable":true,"href":"https:\/\/www.messinaoggi.it\/website\/wp-json\/wp\/v2\/comments?post=7186"}],"version-history":[{"count":0,"href":"https:\/\/www.messinaoggi.it\/website\/wp-json\/wp\/v2\/posts\/7186\/revisions"}],"wp:featuredmedia":[{"embeddable":true,"href":"https:\/\/www.messinaoggi.it\/website\/wp-json\/wp\/v2\/media\/7178"}],"wp:attachment":[{"href":"https:\/\/www.messinaoggi.it\/website\/wp-json\/wp\/v2\/media?parent=7186"}],"wp:term":[{"taxonomy":"category","embeddable":true,"href":"https:\/\/www.messinaoggi.it\/website\/wp-json\/wp\/v2\/categories?post=7186"},{"taxonomy":"post_tag","embeddable":true,"href":"https:\/\/www.messinaoggi.it\/website\/wp-json\/wp\/v2\/tags?post=7186"}],"curies":[{"name":"wp","href":"https:\/\/api.w.org\/{rel}","templated":true}]}}