{"id":71852,"date":"2021-07-06T17:07:32","date_gmt":"2021-07-06T15:07:32","guid":{"rendered":"https:\/\/www.messinaoggi.it\/website\/2021\/07\/06\/tokyo2020-san-marino-al-via-con-cinque-atleti\/"},"modified":"2021-07-06T17:33:01","modified_gmt":"2021-07-06T15:33:01","slug":"tokyo2020-san-marino-al-via-con-cinque-atleti","status":"publish","type":"post","link":"https:\/\/www.messinaoggi.it\/website\/2021\/07\/06\/tokyo2020-san-marino-al-via-con-cinque-atleti\/","title":{"rendered":"Tokyo2020, San Marino al via con cinque atleti"},"content":{"rendered":"<div>SAN MARINO (ITALPRESS) &#8211; Il Comitato Esecutivo del Cons ha deliberato la composizione della delegazione che dal 23 luglio all&#8217;8 agosto prender\u00e0 parte alle Olimpiadi di Tokyo. Oltre ai tiratori Alessandra Perilli, alla sua terza Olimpiade, e Gian Marco Berti e al lottatore Myles Amine, faranno parte della squadra biancazzurra la nuotatrice Arianna Valloni e il judoka Paolo Persoglia, a cui \u00e8 stato riservato un posto rispettivamente tramite universality place e invitation card. La ventenne Arianna Valloni vanta tre medaglie ai Giochi dei Piccoli Stati e per tre volte ha conquistato il bronzo ai campionati italiani di categoria, due volte nei 1500 stile libero e una volta negli 800.<br \/>A livello internazionale ha partecipato a un Mondiale, due Campionati Europei in vasca lunga e un Europeo in vasca corta.  Ha inoltre preso parte alle Olimpiadi Giovanili a Buenos Aires, nel 2018, dove \u00e8 stata anche portabandiera della delegazione biancazzurra, e ai Giochi del Mediterraneo a Tarragona. Paolo Persoglia, classe 1994, ha vinto due argenti e due bronzi ai Giochi dei Piccoli Stati, due bronzi ai campionati Italiani (Under 21 e Assoluti), un oro e un argento in tornei  internazionali. Vanta quattro partecipazioni ai campionati del mondo. E&#8217; stato il primo e sinora unico atleta sammarinese a vincere un incontro ad un Mondiale, quello Juniores di Ljubljana. La delegazione biancazzurra, che \u00e8 in partenza per Tokyo il 17 luglio, sar\u00e0 ricevuta in Udienza dai Capitani Reggenti luned\u00ec 12 luglio e sar\u00e0 presentata pubblicamente nel tardo pomeriggio dello stesso giorno.<br \/>(ITALPRESS).<\/div>\n<div id=\"div-gpt-ad-Messinaoggi.it-DSK-300x250-corpoart\" style=\"text-align:center;margin:0 auto;\"><\/div><\/p><div id=\"videoincontent\" style=\"clear:both\";><\/div>","protected":false},"excerpt":{"rendered":"<p>SAN MARINO (ITALPRESS) &#8211; Il Comitato Esecutivo del Cons ha deliberato la composizione della delegazione che dal 23 luglio all&#8217;8 agosto prender\u00e0 parte alle Olimpiadi di Tokyo. Oltre ai tiratori Alessandra Perilli, alla sua terza Olimpiade, e Gian Marco Berti e al lottatore Myles Amine, faranno parte della squadra biancazzurra la nuotatrice Arianna Valloni e [&hellip;]<\/p>\n","protected":false},"author":18,"featured_media":71853,"comment_status":"closed","ping_status":"closed","sticky":false,"template":"","format":"standard","meta":{"ub_ctt_via":"","_mi_skip_tracking":false},"categories":[8,446,9],"tags":[783],"featured_image_src":"https:\/\/www.messinaoggi.it\/website\/wp-content\/uploads\/2021\/07\/20210706_1237.jpg","author_info":{"display_name":"Admin","author_link":"https:\/\/www.messinaoggi.it\/website\/author\/admin\/"},"digistream_id":0,"digistream":false,"_links":{"self":[{"href":"https:\/\/www.messinaoggi.it\/website\/wp-json\/wp\/v2\/posts\/71852"}],"collection":[{"href":"https:\/\/www.messinaoggi.it\/website\/wp-json\/wp\/v2\/posts"}],"about":[{"href":"https:\/\/www.messinaoggi.it\/website\/wp-json\/wp\/v2\/types\/post"}],"author":[{"embeddable":true,"href":"https:\/\/www.messinaoggi.it\/website\/wp-json\/wp\/v2\/users\/18"}],"replies":[{"embeddable":true,"href":"https:\/\/www.messinaoggi.it\/website\/wp-json\/wp\/v2\/comments?post=71852"}],"version-history":[{"count":1,"href":"https:\/\/www.messinaoggi.it\/website\/wp-json\/wp\/v2\/posts\/71852\/revisions"}],"predecessor-version":[{"id":71861,"href":"https:\/\/www.messinaoggi.it\/website\/wp-json\/wp\/v2\/posts\/71852\/revisions\/71861"}],"wp:featuredmedia":[{"embeddable":true,"href":"https:\/\/www.messinaoggi.it\/website\/wp-json\/wp\/v2\/media\/71853"}],"wp:attachment":[{"href":"https:\/\/www.messinaoggi.it\/website\/wp-json\/wp\/v2\/media?parent=71852"}],"wp:term":[{"taxonomy":"category","embeddable":true,"href":"https:\/\/www.messinaoggi.it\/website\/wp-json\/wp\/v2\/categories?post=71852"},{"taxonomy":"post_tag","embeddable":true,"href":"https:\/\/www.messinaoggi.it\/website\/wp-json\/wp\/v2\/tags?post=71852"}],"curies":[{"name":"wp","href":"https:\/\/api.w.org\/{rel}","templated":true}]}}