{"id":71833,"date":"2021-07-06T15:27:11","date_gmt":"2021-07-06T13:27:11","guid":{"rendered":"http:\/\/www.messinaoggi.it\/website\/?p=71833"},"modified":"2021-07-06T15:27:12","modified_gmt":"2021-07-06T13:27:12","slug":"scontro-auto-bici-ce-un-ferito","status":"publish","type":"post","link":"https:\/\/www.messinaoggi.it\/website\/2021\/07\/06\/scontro-auto-bici-ce-un-ferito\/","title":{"rendered":"Scontro auto-bici, c\u2019\u00e8 un ferito"},"content":{"rendered":"\n<p>Teatro dello scontro via La Farina all\u2019incrocio con viale Europa. La bici elettrica procedeva direzione monte-mare, la Peugeot Nord-sud.<div id=\"div-gpt-ad-Messinaoggi.it-DSK-300x250-corpoart\" style=\"text-align:center;margin:0 auto;\"><\/div><\/p>\n\n\n\n<p>Uno dei due mezzi non avrebbe rispettato il rosso e l\u2019impatto \u00e8 stato tremendo. Il ciclista, un 23enne, \u00e8 finito sul parabrezza della 205. Le condizioni non sono gravi ed \u00e8 stato trasportato al Piemonte in codice giallo.<div id=\"videoincontent\" style=\"clear:both\";><\/div><\/p>\n\n\n\n<p>Indagini in corso da parte degli agenti del Radiomobile dei vigili urbani.<\/p>\n","protected":false},"excerpt":{"rendered":"<p>Teatro dello scontro via La Farina all\u2019incrocio con viale Europa. La bici elettrica procedeva direzione monte-mare, la Peugeot Nord-sud. Uno dei due mezzi non avrebbe rispettato il rosso e l\u2019impatto \u00e8 stato tremendo. Il ciclista, un 23enne, \u00e8 finito sul parabrezza della 205. Le condizioni non sono gravi ed \u00e8 stato trasportato al Piemonte in [&hellip;]<\/p>\n","protected":false},"author":2,"featured_media":71834,"comment_status":"open","ping_status":"open","sticky":false,"template":"","format":"standard","meta":{"ub_ctt_via":"","_mi_skip_tracking":false},"categories":[6],"tags":[2393,74,2460],"featured_image_src":"https:\/\/www.messinaoggi.it\/website\/wp-content\/uploads\/2021\/07\/CD76AEF4-C60F-45FC-AF93-F4212CA89284.jpeg","author_info":{"display_name":"Redazione","author_link":"https:\/\/www.messinaoggi.it\/website\/author\/redazione\/"},"digistream_id":0,"digistream":false,"_links":{"self":[{"href":"https:\/\/www.messinaoggi.it\/website\/wp-json\/wp\/v2\/posts\/71833"}],"collection":[{"href":"https:\/\/www.messinaoggi.it\/website\/wp-json\/wp\/v2\/posts"}],"about":[{"href":"https:\/\/www.messinaoggi.it\/website\/wp-json\/wp\/v2\/types\/post"}],"author":[{"embeddable":true,"href":"https:\/\/www.messinaoggi.it\/website\/wp-json\/wp\/v2\/users\/2"}],"replies":[{"embeddable":true,"href":"https:\/\/www.messinaoggi.it\/website\/wp-json\/wp\/v2\/comments?post=71833"}],"version-history":[{"count":1,"href":"https:\/\/www.messinaoggi.it\/website\/wp-json\/wp\/v2\/posts\/71833\/revisions"}],"predecessor-version":[{"id":71835,"href":"https:\/\/www.messinaoggi.it\/website\/wp-json\/wp\/v2\/posts\/71833\/revisions\/71835"}],"wp:featuredmedia":[{"embeddable":true,"href":"https:\/\/www.messinaoggi.it\/website\/wp-json\/wp\/v2\/media\/71834"}],"wp:attachment":[{"href":"https:\/\/www.messinaoggi.it\/website\/wp-json\/wp\/v2\/media?parent=71833"}],"wp:term":[{"taxonomy":"category","embeddable":true,"href":"https:\/\/www.messinaoggi.it\/website\/wp-json\/wp\/v2\/categories?post=71833"},{"taxonomy":"post_tag","embeddable":true,"href":"https:\/\/www.messinaoggi.it\/website\/wp-json\/wp\/v2\/tags?post=71833"}],"curies":[{"name":"wp","href":"https:\/\/api.w.org\/{rel}","templated":true}]}}