{"id":71827,"date":"2021-07-06T14:07:32","date_gmt":"2021-07-06T12:07:32","guid":{"rendered":"https:\/\/www.messinaoggi.it\/website\/2021\/07\/06\/carra-venerdi-i-funerali-nella-chiesa-santa-maria-ara-coeli-a-roma\/"},"modified":"2021-07-06T17:34:50","modified_gmt":"2021-07-06T15:34:50","slug":"carra-venerdi-i-funerali-nella-chiesa-santa-maria-ara-coeli-a-roma","status":"publish","type":"post","link":"https:\/\/www.messinaoggi.it\/website\/2021\/07\/06\/carra-venerdi-i-funerali-nella-chiesa-santa-maria-ara-coeli-a-roma\/","title":{"rendered":"Carr\u00e0, venerd\u00ec i funerali nella chiesa Santa Maria Ara Coeli a Roma"},"content":{"rendered":"<div>ROMA (ITALPRESS) &#8211; Si svolgeranno venerd\u00ec 9 luglio alle 12, a Roma presso la chiesa di Santa Maria in Ara Coeli, sempre su Piazza del Campidoglio, i funerali di Raffaella Carr\u00e0. Ma le celebrazioni di addio alla grande signora della Tv e dello spettacolo italiano cominceranno gi\u00e0 domani alle 16 con la partenza del corteo funebre da via Nemea 21, dove la Carr\u00e0 viveva. Il corteo far\u00e0 diverse tappe, nelle quali si fermer\u00e0 un minuto per il pubblico saluto all&#8217;artista. Prima presso l&#8217;Auditorium Rai del Foro Italico (largo Lauro de Bosis), poi gli studi Rai di via Teulada, quindi il Teatro delle Vittorie, la sede Rai di viale Mazzini e infine il Campidoglio, dove alle 18 sar\u00e0 aperta la camera ardente che si protrarr\u00e0 fino a mezzanotte. L&#8217;ingresso sar\u00e0 dalla Cordonata e poi, attraverso Piazza del Campidoglio e la scalinata del Vignola, accesso alla Sala Protomoteca. Giovedi 8 luglio la camera ardente sar\u00e0 aperta dalle ore 08.00 alle 12.00 e poi dalle ore 18.00 a mezzanotte. Il giorno successivo le esequie.<br \/>(ITALPRESS).<\/div>\n<div id=\"div-gpt-ad-Messinaoggi.it-DSK-300x250-corpoart\" style=\"text-align:center;margin:0 auto;\"><\/div><\/p><div id=\"videoincontent\" style=\"clear:both\";><\/div>","protected":false},"excerpt":{"rendered":"<p>ROMA (ITALPRESS) &#8211; Si svolgeranno venerd\u00ec 9 luglio alle 12, a Roma presso la chiesa di Santa Maria in Ara Coeli, sempre su Piazza del Campidoglio, i funerali di Raffaella Carr\u00e0. Ma le celebrazioni di addio alla grande signora della Tv e dello spettacolo italiano cominceranno gi\u00e0 domani alle 16 con la partenza del corteo [&hellip;]<\/p>\n","protected":false},"author":18,"featured_media":71828,"comment_status":"closed","ping_status":"closed","sticky":false,"template":"","format":"standard","meta":{"ub_ctt_via":"","_mi_skip_tracking":false},"categories":[446,17],"tags":[783],"featured_image_src":"https:\/\/www.messinaoggi.it\/website\/wp-content\/uploads\/2021\/07\/20210706_0711.jpg","author_info":{"display_name":"Admin","author_link":"https:\/\/www.messinaoggi.it\/website\/author\/admin\/"},"digistream_id":0,"digistream":false,"_links":{"self":[{"href":"https:\/\/www.messinaoggi.it\/website\/wp-json\/wp\/v2\/posts\/71827"}],"collection":[{"href":"https:\/\/www.messinaoggi.it\/website\/wp-json\/wp\/v2\/posts"}],"about":[{"href":"https:\/\/www.messinaoggi.it\/website\/wp-json\/wp\/v2\/types\/post"}],"author":[{"embeddable":true,"href":"https:\/\/www.messinaoggi.it\/website\/wp-json\/wp\/v2\/users\/18"}],"replies":[{"embeddable":true,"href":"https:\/\/www.messinaoggi.it\/website\/wp-json\/wp\/v2\/comments?post=71827"}],"version-history":[{"count":1,"href":"https:\/\/www.messinaoggi.it\/website\/wp-json\/wp\/v2\/posts\/71827\/revisions"}],"predecessor-version":[{"id":71865,"href":"https:\/\/www.messinaoggi.it\/website\/wp-json\/wp\/v2\/posts\/71827\/revisions\/71865"}],"wp:featuredmedia":[{"embeddable":true,"href":"https:\/\/www.messinaoggi.it\/website\/wp-json\/wp\/v2\/media\/71828"}],"wp:attachment":[{"href":"https:\/\/www.messinaoggi.it\/website\/wp-json\/wp\/v2\/media?parent=71827"}],"wp:term":[{"taxonomy":"category","embeddable":true,"href":"https:\/\/www.messinaoggi.it\/website\/wp-json\/wp\/v2\/categories?post=71827"},{"taxonomy":"post_tag","embeddable":true,"href":"https:\/\/www.messinaoggi.it\/website\/wp-json\/wp\/v2\/tags?post=71827"}],"curies":[{"name":"wp","href":"https:\/\/api.w.org\/{rel}","templated":true}]}}