{"id":71763,"date":"2021-07-05T21:01:02","date_gmt":"2021-07-05T19:01:02","guid":{"rendered":"http:\/\/www.messinaoggi.it\/website\/?p=71763"},"modified":"2021-07-05T21:01:05","modified_gmt":"2021-07-05T19:01:05","slug":"la-valdinisi-riparte-dal-deb-roberto-frazzica","status":"publish","type":"post","link":"https:\/\/www.messinaoggi.it\/website\/2021\/07\/05\/la-valdinisi-riparte-dal-deb-roberto-frazzica\/","title":{"rendered":"La Valdinisi riparte dal &#8220;deb&#8221; Roberto Frazzica"},"content":{"rendered":"\n<p>Nuovo allenatore per la <strong>Valdinisi<\/strong>: per la propria ripartenza la societ\u00e0 calcistica rappresentativa di Al\u00ec Terme e Nizza di Sicilia ha deciso di affidarsi a <strong>Roberto Frazzica<\/strong>.<div id=\"div-gpt-ad-Messinaoggi.it-DSK-300x250-corpoart\" style=\"text-align:center;margin:0 auto;\"><\/div><\/p>\n\n\n\n<p class=\"has-text-align-left\">Classe &#8217;79, fratello di Matteo (gi\u00e0 allenatore nei &#8220;cugini&#8221; del Fiumedinisi) una vita nel calcio dilettantistiche prima da possente &#8220;bomber&#8221; (ha militato tra gli altri nella stessa Valdinisi e nella Mediterranea Nizza), poi da collaboratore tecnico e infine da direttore sportivo della Jonica con il raggiungimento dell&#8217;Eccellenza nel 2019.<div id=\"videoincontent\" style=\"clear:both\";><\/div><\/p>\n\n\n\n<p>&#8220;<em>Sar\u00e0 la sua prima esperienza da allenatore in prima<\/em> &#8211; come sottolinea la Valdinisi Calcio nel proprio profilo facebook  &#8211; <em>una vetrina importante che lo vedr\u00e0 protagonista in questa nuova stagione ricca di aspettative, dopo due anni di continui stop forzati&#8221;.<\/em><\/p>\n\n\n\n<p class=\"has-text-align-left\">Definito anche il trio di componenti tecnici a supporto di Roberto Frazzica: su tutti spicca <strong>Massimo Spadaro<\/strong>, un altro veterano del calcio (reduce dall&#8217;esperienza a Fiumedinisi assieme al fratello di Roberto, Matteo), originario di S.Teresa di Riva, che si occuper\u00e0 della gestione tecnico-tattica con particolare riguardo alla fase difensiva, visti anche i trascorsi da centrale del reparto arretrato; <strong>Giuseppe Ciatto<\/strong> (preparatore atletico) e <strong>Giuseppe Allegra<\/strong> (allenatore dei portieri).<\/p>\n","protected":false},"excerpt":{"rendered":"<p>Nuovo allenatore per la Valdinisi: per la propria ripartenza la societ\u00e0 calcistica rappresentativa di Al\u00ec Terme e Nizza di Sicilia ha deciso di affidarsi a Roberto Frazzica. Classe &#8217;79, fratello di Matteo (gi\u00e0 allenatore nei &#8220;cugini&#8221; del Fiumedinisi) una vita nel calcio dilettantistiche prima da possente &#8220;bomber&#8221; (ha militato tra gli altri nella stessa Valdinisi [&hellip;]<\/p>\n","protected":false},"author":11,"featured_media":71765,"comment_status":"open","ping_status":"open","sticky":false,"template":"","format":"standard","meta":{"ub_ctt_via":"","_mi_skip_tracking":false},"categories":[10,15,9],"tags":[],"featured_image_src":"https:\/\/www.messinaoggi.it\/website\/wp-content\/uploads\/2021\/07\/valdinisi-2021-22-staff-tecnico.jpg","author_info":{"display_name":"redsport","author_link":"https:\/\/www.messinaoggi.it\/website\/author\/redsport\/"},"digistream_id":0,"digistream":false,"_links":{"self":[{"href":"https:\/\/www.messinaoggi.it\/website\/wp-json\/wp\/v2\/posts\/71763"}],"collection":[{"href":"https:\/\/www.messinaoggi.it\/website\/wp-json\/wp\/v2\/posts"}],"about":[{"href":"https:\/\/www.messinaoggi.it\/website\/wp-json\/wp\/v2\/types\/post"}],"author":[{"embeddable":true,"href":"https:\/\/www.messinaoggi.it\/website\/wp-json\/wp\/v2\/users\/11"}],"replies":[{"embeddable":true,"href":"https:\/\/www.messinaoggi.it\/website\/wp-json\/wp\/v2\/comments?post=71763"}],"version-history":[{"count":1,"href":"https:\/\/www.messinaoggi.it\/website\/wp-json\/wp\/v2\/posts\/71763\/revisions"}],"predecessor-version":[{"id":71764,"href":"https:\/\/www.messinaoggi.it\/website\/wp-json\/wp\/v2\/posts\/71763\/revisions\/71764"}],"wp:featuredmedia":[{"embeddable":true,"href":"https:\/\/www.messinaoggi.it\/website\/wp-json\/wp\/v2\/media\/71765"}],"wp:attachment":[{"href":"https:\/\/www.messinaoggi.it\/website\/wp-json\/wp\/v2\/media?parent=71763"}],"wp:term":[{"taxonomy":"category","embeddable":true,"href":"https:\/\/www.messinaoggi.it\/website\/wp-json\/wp\/v2\/categories?post=71763"},{"taxonomy":"post_tag","embeddable":true,"href":"https:\/\/www.messinaoggi.it\/website\/wp-json\/wp\/v2\/tags?post=71763"}],"curies":[{"name":"wp","href":"https:\/\/api.w.org\/{rel}","templated":true}]}}