{"id":7172,"date":"2017-09-02T11:32:28","date_gmt":"2017-09-02T09:32:28","guid":{"rendered":"http:\/\/www.messinaoggi.it\/website\/?p=7172"},"modified":"2017-09-02T11:32:28","modified_gmt":"2017-09-02T09:32:28","slug":"si-apre-messinacon-due-giorni-dedicati-ai-fumetti","status":"publish","type":"post","link":"https:\/\/www.messinaoggi.it\/website\/2017\/09\/02\/si-apre-messinacon-due-giorni-dedicati-ai-fumetti\/","title":{"rendered":"Si apre &quot;MessinaCon&quot;: due giorni dedicati ai fumetti"},"content":{"rendered":"<p>Il presidente di Confcommercio, <strong>Carmelo Picciotto<\/strong>, ha tagliato questa mattina al Palacultura, il nastro augurale della terza edizione di Messinacon, la fiera del fumetto e del fantastico. La rassegna espositiva rimarr\u00e0 aperta fino a domani alle e ospiter\u00e0 appassionati di fumetti, videogiochi, giochi da tavolo, cosplayer, youtuber e tutto ci\u00f2 che ruota attorno al mondo nerd.<br \/>\nUn programma ricco che prevede mostre, incontri con gli autori, un\u2019area videogame e uno spazio per la compravendita di fumetti. Tanti gli ospiti di fama nazionale e internazionale che saranno presenti alla manifestazione: da <strong>Lelio Bonaccorso<\/strong>, una vera e propria celebrit\u00e0 in questo ambito, al disegnatore reggino <strong>Umberto Giamp\u00e0<\/strong> e il concittadino e collega <strong>Roberto Megna<\/strong>.<br \/>\nLa rassegna \u00e8 stata organizzata da \u201cHypra eventi\u201d, associazione presieduta da <strong>Giuseppe Mulfari<\/strong>.<br \/>\n\u201c<em>Largo ai giovani \u2013 afferma Carmelo Picciotto \u2013 perch\u00e9 rappresentano il vero futuro della nostra citt\u00e0. Sembra una frase retorica ma non lo \u00e8 affatto dal momento che le nostre istituzioni si sono dimenticati delle nuove generazioni\u201d<\/em>.<div id=\"div-gpt-ad-Messinaoggi.it-DSK-300x250-corpoart\" style=\"text-align:center;margin:0 auto;\"><\/div><\/p>\n<div id=\"videoincontent\" style=\"clear:both\";><\/div>","protected":false},"excerpt":{"rendered":"<p>Il presidente di Confcommercio, Carmelo Picciotto, ha tagliato questa mattina al Palacultura, il nastro augurale della terza edizione di Messinacon, la fiera del fumetto e del fantastico. La rassegna espositiva rimarr\u00e0 aperta fino a domani alle e ospiter\u00e0 appassionati di fumetti, videogiochi, giochi da tavolo, cosplayer, youtuber e tutto ci\u00f2 che ruota attorno al mondo [&hellip;]<\/p>\n","protected":false},"author":2,"featured_media":7173,"comment_status":"closed","ping_status":"open","sticky":false,"template":"","format":"standard","meta":{"ub_ctt_via":"","_mi_skip_tracking":false},"categories":[16],"tags":[],"featured_image_src":"https:\/\/www.messinaoggi.it\/website\/wp-content\/uploads\/2017\/09\/FullSizeRender-3.jpg","author_info":{"display_name":"Redazione","author_link":"https:\/\/www.messinaoggi.it\/website\/author\/redazione\/"},"digistream_id":0,"digistream":false,"_links":{"self":[{"href":"https:\/\/www.messinaoggi.it\/website\/wp-json\/wp\/v2\/posts\/7172"}],"collection":[{"href":"https:\/\/www.messinaoggi.it\/website\/wp-json\/wp\/v2\/posts"}],"about":[{"href":"https:\/\/www.messinaoggi.it\/website\/wp-json\/wp\/v2\/types\/post"}],"author":[{"embeddable":true,"href":"https:\/\/www.messinaoggi.it\/website\/wp-json\/wp\/v2\/users\/2"}],"replies":[{"embeddable":true,"href":"https:\/\/www.messinaoggi.it\/website\/wp-json\/wp\/v2\/comments?post=7172"}],"version-history":[{"count":0,"href":"https:\/\/www.messinaoggi.it\/website\/wp-json\/wp\/v2\/posts\/7172\/revisions"}],"wp:featuredmedia":[{"embeddable":true,"href":"https:\/\/www.messinaoggi.it\/website\/wp-json\/wp\/v2\/media\/7173"}],"wp:attachment":[{"href":"https:\/\/www.messinaoggi.it\/website\/wp-json\/wp\/v2\/media?parent=7172"}],"wp:term":[{"taxonomy":"category","embeddable":true,"href":"https:\/\/www.messinaoggi.it\/website\/wp-json\/wp\/v2\/categories?post=7172"},{"taxonomy":"post_tag","embeddable":true,"href":"https:\/\/www.messinaoggi.it\/website\/wp-json\/wp\/v2\/tags?post=7172"}],"curies":[{"name":"wp","href":"https:\/\/api.w.org\/{rel}","templated":true}]}}