{"id":7165,"date":"2017-09-02T10:25:48","date_gmt":"2017-09-02T08:25:48","guid":{"rendered":"http:\/\/www.messinaoggi.it\/website\/?p=7165"},"modified":"2017-09-02T10:25:48","modified_gmt":"2017-09-02T08:25:48","slug":"francavilla-film-festival-al-via-sabato-9-quarta-edizione-del-concorso","status":"publish","type":"post","link":"https:\/\/www.messinaoggi.it\/website\/2017\/09\/02\/francavilla-film-festival-al-via-sabato-9-quarta-edizione-del-concorso\/","title":{"rendered":"Francavilla Film Festival, al via sabato 9 quarta edizione del concorso"},"content":{"rendered":"<p style=\"text-align: justify\"><span style=\"font-family: Arial, sans-serif\"><span style=\"font-size: medium\"><span style=\"color: #000000\">&#8220;Prima \u00e8 nato per gioco adesso \u00e8 un concorso internazionale a tutti gli effetti&#8221;. Lo afferma soddisfatto Felice Lombardo, l&#8217;ideatore del Francavilla Film Festival che quest&#8217;anno giunger\u00e0 alla quarta edizione.<\/span><\/span><\/span><div id=\"div-gpt-ad-Messinaoggi.it-DSK-300x250-corpoart\" style=\"text-align:center;margin:0 auto;\"><\/div><\/p>\n<p style=\"text-align: justify\"><span style=\"font-family: Arial, sans-serif\"><span style=\"font-size: medium\"><span style=\"color: #000000\">L\u2019edizione 2017, che si svolger\u00e0 sabato 9 settembre presso il Teatro Comunale di Francavilla di Sicilia, verr\u00e0 patrocinata dalla locale Pro Loco diretta dal presidente Claudio Puglisi, con il patrocinio del Comune, nonch\u00e9 dell\u2019Associazione Onlus &#8211; No Profit &#8211; Amici di Ges\u00f9 nel Mondo di Padre Don Giovanni Salvia di Francavilla di Sicilia, Cappellano militare, Tenente Colonnello, presso il 41 stormo di Sigonella.<\/span><\/span><\/span><div id=\"videoincontent\" style=\"clear:both\";><\/div><\/p>\n<p style=\"text-align: justify\"><span style=\"font-family: Arial, sans-serif\"><span style=\"font-size: medium\"><span style=\"color: #000000\">Alla serata di sabato interverrano dal vivo I Mivida, gruppo musicale che si esibir\u00e0 regalando uno splendido momento di musica. Sar\u00e0 presente in sala anche il noto cantante Etneo Maurizio Musumeci, <\/span><span style=\"color: #000000\"><i>aka<\/i><\/span><span style=\"color: #000000\"> Dinastia, che ricordiamo nel team di J-AX a The voice of Italy. Al Cantante che si esibir\u00e0 anche dal vivo verr\u00e0 consegnato un riconoscimento per il video, che verr\u00e0 anche proiettato, dal titolo \u201cChi gliel\u2019ha fatto fare\u201d dedicato a Falcone e Borsellino e che parla della lotta alla mafia. <\/span><\/span><\/span><\/p>\n<p style=\"text-align: justify\"><span style=\"font-family: Arial, sans-serif\"><span style=\"font-size: medium\"><span style=\"color: #000000\">A ottobre il Francavilla Film Festival sbarca sui banchi di scuola, sempre al Teatro Comunale con \u201cFrancavilla Film Festiva at school\u201d dedicato a tutti gli alunni del comprensorio.<\/span><\/span><\/span><\/p>\n","protected":false},"excerpt":{"rendered":"<p>&#8220;Prima \u00e8 nato per gioco adesso \u00e8 un concorso internazionale a tutti gli effetti&#8221;. Lo afferma soddisfatto Felice Lombardo, l&#8217;ideatore del Francavilla Film Festival che quest&#8217;anno giunger\u00e0 alla quarta edizione. L\u2019edizione 2017, che si svolger\u00e0 sabato 9 settembre presso il Teatro Comunale di Francavilla di Sicilia, verr\u00e0 patrocinata dalla locale Pro Loco diretta dal presidente [&hellip;]<\/p>\n","protected":false},"author":8,"featured_media":7166,"comment_status":"closed","ping_status":"open","sticky":false,"template":"","format":"standard","meta":{"ub_ctt_via":"","_mi_skip_tracking":false},"categories":[17],"tags":[],"featured_image_src":"https:\/\/www.messinaoggi.it\/website\/wp-content\/uploads\/2017\/09\/Francavilla-di-Sicilia-Francavilla-Film-Festival-Felice-Lombardo_resized_20170902_101000545-2.jpg","author_info":{"display_name":"red..me","author_link":"https:\/\/www.messinaoggi.it\/website\/author\/redstage\/"},"digistream_id":0,"digistream":false,"_links":{"self":[{"href":"https:\/\/www.messinaoggi.it\/website\/wp-json\/wp\/v2\/posts\/7165"}],"collection":[{"href":"https:\/\/www.messinaoggi.it\/website\/wp-json\/wp\/v2\/posts"}],"about":[{"href":"https:\/\/www.messinaoggi.it\/website\/wp-json\/wp\/v2\/types\/post"}],"author":[{"embeddable":true,"href":"https:\/\/www.messinaoggi.it\/website\/wp-json\/wp\/v2\/users\/8"}],"replies":[{"embeddable":true,"href":"https:\/\/www.messinaoggi.it\/website\/wp-json\/wp\/v2\/comments?post=7165"}],"version-history":[{"count":0,"href":"https:\/\/www.messinaoggi.it\/website\/wp-json\/wp\/v2\/posts\/7165\/revisions"}],"wp:featuredmedia":[{"embeddable":true,"href":"https:\/\/www.messinaoggi.it\/website\/wp-json\/wp\/v2\/media\/7166"}],"wp:attachment":[{"href":"https:\/\/www.messinaoggi.it\/website\/wp-json\/wp\/v2\/media?parent=7165"}],"wp:term":[{"taxonomy":"category","embeddable":true,"href":"https:\/\/www.messinaoggi.it\/website\/wp-json\/wp\/v2\/categories?post=7165"},{"taxonomy":"post_tag","embeddable":true,"href":"https:\/\/www.messinaoggi.it\/website\/wp-json\/wp\/v2\/tags?post=7165"}],"curies":[{"name":"wp","href":"https:\/\/api.w.org\/{rel}","templated":true}]}}