{"id":7155,"date":"2017-09-01T22:11:45","date_gmt":"2017-09-01T20:11:45","guid":{"rendered":"http:\/\/www.messinaoggi.it\/website\/?p=7155"},"modified":"2017-09-01T22:11:45","modified_gmt":"2017-09-01T20:11:45","slug":"coppa-italia-eccellenza-scatta-loperazione-rimonta-del-pistunina-domani-match-casalingo-col-camaro-al-franco-scoglio","status":"publish","type":"post","link":"https:\/\/www.messinaoggi.it\/website\/2017\/09\/01\/coppa-italia-eccellenza-scatta-loperazione-rimonta-del-pistunina-domani-match-casalingo-col-camaro-al-franco-scoglio\/","title":{"rendered":"Coppa Italia Eccellenza, scatta l&#039;operazione rimonta del Pistunina: domani match casalingo col Camaro al &quot;Franco Scoglio&quot;"},"content":{"rendered":"<p style=\"text-align: justify\">\n<p style=\"text-align: justify\">E&#8217; scattata sin da oggi, con il sopralluogo dirigenziale allo stadio &#8220;Franco Scoglio&#8221; che domani ospiter\u00e0 la sfida casalinga col Camaro, l'&#8221;operazione rimonta&#8221; del Pistunina. Dopo il 4-3 esterno d&#8217;andata sub\u00ecto sabato scorso al &#8220;Marullo&#8221;, l&#8217;undici di mister Ezio Raciti sente alla propria portata la possibile qualificazione al secondo turno della Coppa Italia d&#8217;Eccellenza. Baster\u00e0 vincere anche con un semplice 1-0, ma bisogner\u00e0 comunque fare i conti con l&#8217;ottima formazione di Alacqua.<div id=\"div-gpt-ad-Messinaoggi.it-DSK-300x250-corpoart\" style=\"text-align:center;margin:0 auto;\"><\/div><\/p>\n<p style=\"text-align: justify\">Di certo i &#8220;leoni&#8221; lanciano subito, almeno a livello di convocazioni, tutti i nuovi acquisti: i vari Riccardo Ancione (sull&#8217;altro fronte ci sar\u00e0 il &#8220;cugino&#8221; Daniele), Maggioloti e Mazzullo sono stati ritenuti &#8220;arruolabili&#8221; dal tecnico Raciti, al quale toccher\u00e0 comunque decidere se lanciarli dall&#8217;inizio o eventualmente a gara in corso. Ci sar\u00e0 anche il rientro del bomber &#8211; nonch\u00e9 preparatore atletico &#8211; Roberto Casella. Indisponibile Pasquale Minissale, l&#8217;unico &#8220;buco&#8221; d&#8217;organico, quello del secondo portiere, \u00e8 stato colmato con la convocazione di Davide Labate, preparatore dei portieri per il periodo estivo tesserato anche come giocatore.<div id=\"videoincontent\" style=\"clear:both\";><\/div><\/p>\n<p style=\"text-align: justify\">Ecco l&#8217;elenco dei 21 convocati del Pistunina.<\/p>\n<p style=\"text-align: justify\"><strong>Portieri<\/strong>: Fazio, Labate.<\/p>\n<p style=\"text-align: justify\"><strong>Difensori<\/strong>: D&#8217;Angelo, Chiglien, Scarf\u00ec, Arena, Puzone, Sergi.<\/p>\n<p style=\"text-align: justify\"><strong>Centrocampisti<\/strong>: Caldore, Sylla, Mazzullo, Keita Pa&#8217;, Fonti, Antonio Raciti, Buscema, Maggioloti, Colucci.<\/p>\n<p style=\"text-align: justify\"><strong>Attaccanti:<\/strong> Ancione, Ghartey P., Lo Giudice, Casella.<\/p>\n<p> <\/p>\n","protected":false},"excerpt":{"rendered":"<p>E&#8217; scattata sin da oggi, con il sopralluogo dirigenziale allo stadio &#8220;Franco Scoglio&#8221; che domani ospiter\u00e0 la sfida casalinga col Camaro, l&#8217;&#8221;operazione rimonta&#8221; del Pistunina. Dopo il 4-3 esterno d&#8217;andata sub\u00ecto sabato scorso al &#8220;Marullo&#8221;, l&#8217;undici di mister Ezio Raciti sente alla propria portata la possibile qualificazione al secondo turno della Coppa Italia d&#8217;Eccellenza. Baster\u00e0 [&hellip;]<\/p>\n","protected":false},"author":9,"featured_media":7156,"comment_status":"closed","ping_status":"open","sticky":false,"template":"","format":"standard","meta":{"ub_ctt_via":"","_mi_skip_tracking":false},"categories":[10,9],"tags":[],"featured_image_src":"https:\/\/www.messinaoggi.it\/website\/wp-content\/uploads\/2017\/09\/IMG-20170901-WA0004-2.jpg","author_info":{"display_name":"Roberto Santoro","author_link":"https:\/\/www.messinaoggi.it\/website\/author\/r-santoro\/"},"digistream_id":0,"digistream":false,"_links":{"self":[{"href":"https:\/\/www.messinaoggi.it\/website\/wp-json\/wp\/v2\/posts\/7155"}],"collection":[{"href":"https:\/\/www.messinaoggi.it\/website\/wp-json\/wp\/v2\/posts"}],"about":[{"href":"https:\/\/www.messinaoggi.it\/website\/wp-json\/wp\/v2\/types\/post"}],"author":[{"embeddable":true,"href":"https:\/\/www.messinaoggi.it\/website\/wp-json\/wp\/v2\/users\/9"}],"replies":[{"embeddable":true,"href":"https:\/\/www.messinaoggi.it\/website\/wp-json\/wp\/v2\/comments?post=7155"}],"version-history":[{"count":0,"href":"https:\/\/www.messinaoggi.it\/website\/wp-json\/wp\/v2\/posts\/7155\/revisions"}],"wp:featuredmedia":[{"embeddable":true,"href":"https:\/\/www.messinaoggi.it\/website\/wp-json\/wp\/v2\/media\/7156"}],"wp:attachment":[{"href":"https:\/\/www.messinaoggi.it\/website\/wp-json\/wp\/v2\/media?parent=7155"}],"wp:term":[{"taxonomy":"category","embeddable":true,"href":"https:\/\/www.messinaoggi.it\/website\/wp-json\/wp\/v2\/categories?post=7155"},{"taxonomy":"post_tag","embeddable":true,"href":"https:\/\/www.messinaoggi.it\/website\/wp-json\/wp\/v2\/tags?post=7155"}],"curies":[{"name":"wp","href":"https:\/\/api.w.org\/{rel}","templated":true}]}}