{"id":7146,"date":"2017-09-01T21:14:30","date_gmt":"2017-09-01T19:14:30","guid":{"rendered":"http:\/\/www.messinaoggi.it\/website\/?p=7146"},"modified":"2017-09-01T21:14:30","modified_gmt":"2017-09-01T19:14:30","slug":"citta-di-messina-e-fatta-con-il-difensore-filistad","status":"publish","type":"post","link":"https:\/\/www.messinaoggi.it\/website\/2017\/09\/01\/citta-di-messina-e-fatta-con-il-difensore-filistad\/","title":{"rendered":"Citt\u00e0 di Messina, \u00e8 fatta con il difensore Filistad"},"content":{"rendered":"<p style=\"text-align: justify\"><strong>Fabrizio Filistad<\/strong>, come da noi ipotizzato in mattinata, \u00e8 ufficialmente un calciatore del Citt\u00e0 di Messina. La societ\u00e0 del presidente Maurizio Lo Re ha diramato l&#8217;apposito comunicato stampa in cui si definisce, a ragione, ill 35enne difensore nativo di Taormina &#8220;<em>Un calciatore che garantir\u00e0 esperienza al reparto difensivo giallorosso grazie ai tanti campionati disputati con le maglie di Aci S.<\/em>Antonio<em>, Giarre, Misterbianco e soprattutto Taormina di cui \u00e8 stato capitano. Per Filistad anche una breve parentesi \u00a0con l\u2019Acr Messina\u201c.<\/em><div id=\"div-gpt-ad-Messinaoggi.it-DSK-300x250-corpoart\" style=\"text-align:center;margin:0 auto;\"><\/div><\/p>\n<p style=\"text-align: justify\">E aggiungiamo noi una persona molto perbene e corretta. <em>&#8220;Sono contento &#8211; sono le prime parole di Filistad da calciatore giallorosso &#8211; E&#8217; stata una trattativa lunga ma alla fine siamo arrivati ad un accordo per la volont\u00e0 di concludere da tutte e due le parti&#8221;. <\/em><div id=\"videoincontent\" style=\"clear:both\";><\/div><\/p>\n<p style=\"text-align: justify\"><strong>Obiettivi personali e di squadra da raggiungere?<\/strong><\/p>\n<p style=\"text-align: justify\"><em>&#8220;Disputare un ottimo campionato cercando di tirar fuori pi\u00f9 punti possibili in ogni partita e lottando su tutti i palloni. Sinceramente, viste la seriet\u00e0 e la professionalit\u00e0 della societ\u00e0 e di tutto lo staff tecnico, non mi meraviglierei se si lottasse <a href=\"https:\/\/www.facebook.com\/\">per un<\/a> posto ai play off. Sappiamo che sar\u00e0 dura, perch\u00e9 ci sono tante squadre attrezzate ma noi faremo di tutto per fare il meglio possibile&#8221;.<\/em><\/p>\n<p style=\"text-align: justify\"><strong>Da taorminese cosa provi nel vedere la &#8220;Perla dello Jonio&#8221; fuori dal calcio regionale che conta?<\/strong><\/p>\n<p style=\"text-align: justify\"><em>&#8220;Fa male, perch\u00e9 il presidente ha fatto tanti sacrifici per raggiungere ottimi risultati e onestamente non pensavo finisse cos\u00ec <a href=\"https:\/\/www.facebook.com\/\">per una<\/a> delle squadre pi\u00f9 serie e organizzate di tutto il campionato. Spero che un giorno possano rifare tutto quello che hanno fatto negli anni passati per tornare&#8221;.<\/em><\/p>\n<p style=\"text-align: justify\">Per il resto, dopo la rifinitura pomeridiana di oggi, il Citt\u00e0 di Messina ha diramato la lista dei convocati in vista del retour-match di Coppa Italia con il Citt\u00e0 di S.Agata, in programma per domani pomeriggio (ore 16) al &#8220;Garden Sport&#8221; di Mili Marina. Non ne fa parte Filistad, in attesa di raggiungere la migliore condizione. Furnari e compagni partono dalla sconfitta esterna d&#8217;andata per 3 reti a una: per passare il gol ci vogliono almeno due reti di scarto da segnare, possibilmente senza subirne.<\/p>\n<p style=\"text-align: justify\"><strong>Portieri<\/strong>: Dino Bill\u00e8, Andrea Maisano<\/p>\n<p style=\"text-align: justify\"><strong>Difensori<\/strong>: Fragapane, Bombara, S. Leo, Tiano, Porcino, La Rosa<\/p>\n<p style=\"text-align: justify\"><strong>Centrocampisti<\/strong>: Calcagno, Quintoni, Alessandro, Silvestri, Ginag\u00f2, Di Stefano, Cardia<\/p>\n<p style=\"text-align: justify\"><strong>Attaccanti<\/strong>: Ras\u00e0, La Corte, Genovese, Mastroieni, D.Leo, Di Vincenzo<\/p>\n<p style=\"text-align: justify\">A dirigere il match sar\u00e0 il signor\u00a0Ferdinando Emanuel Toro di\u00a0Catania. Assistenti: Antonino Alessio Di Paola e Francesco Davide Bonaccorso, entrambi di Catania.<\/p>\n<p><strong>Nella foto tratta da www.cittadimessina.com Fabrizio Filistad\u00a0assieme al presidente Maurizio Lo Re<\/strong><br \/>\n <\/p>\n","protected":false},"excerpt":{"rendered":"<p>Fabrizio Filistad, come da noi ipotizzato in mattinata, \u00e8 ufficialmente un calciatore del Citt\u00e0 di Messina. La societ\u00e0 del presidente Maurizio Lo Re ha diramato l&#8217;apposito comunicato stampa in cui si definisce, a ragione, ill 35enne difensore nativo di Taormina &#8220;Un calciatore che garantir\u00e0 esperienza al reparto difensivo giallorosso grazie ai tanti campionati disputati con [&hellip;]<\/p>\n","protected":false},"author":9,"featured_media":7147,"comment_status":"closed","ping_status":"open","sticky":false,"template":"","format":"standard","meta":{"ub_ctt_via":"","_mi_skip_tracking":false},"categories":[10,9],"tags":[],"featured_image_src":"https:\/\/www.messinaoggi.it\/website\/wp-content\/uploads\/2017\/09\/filistad-Lo-re-2.jpg","author_info":{"display_name":"Roberto Santoro","author_link":"https:\/\/www.messinaoggi.it\/website\/author\/r-santoro\/"},"digistream_id":0,"digistream":false,"_links":{"self":[{"href":"https:\/\/www.messinaoggi.it\/website\/wp-json\/wp\/v2\/posts\/7146"}],"collection":[{"href":"https:\/\/www.messinaoggi.it\/website\/wp-json\/wp\/v2\/posts"}],"about":[{"href":"https:\/\/www.messinaoggi.it\/website\/wp-json\/wp\/v2\/types\/post"}],"author":[{"embeddable":true,"href":"https:\/\/www.messinaoggi.it\/website\/wp-json\/wp\/v2\/users\/9"}],"replies":[{"embeddable":true,"href":"https:\/\/www.messinaoggi.it\/website\/wp-json\/wp\/v2\/comments?post=7146"}],"version-history":[{"count":0,"href":"https:\/\/www.messinaoggi.it\/website\/wp-json\/wp\/v2\/posts\/7146\/revisions"}],"wp:featuredmedia":[{"embeddable":true,"href":"https:\/\/www.messinaoggi.it\/website\/wp-json\/wp\/v2\/media\/7147"}],"wp:attachment":[{"href":"https:\/\/www.messinaoggi.it\/website\/wp-json\/wp\/v2\/media?parent=7146"}],"wp:term":[{"taxonomy":"category","embeddable":true,"href":"https:\/\/www.messinaoggi.it\/website\/wp-json\/wp\/v2\/categories?post=7146"},{"taxonomy":"post_tag","embeddable":true,"href":"https:\/\/www.messinaoggi.it\/website\/wp-json\/wp\/v2\/tags?post=7146"}],"curies":[{"name":"wp","href":"https:\/\/api.w.org\/{rel}","templated":true}]}}