{"id":71199,"date":"2021-07-01T17:57:18","date_gmt":"2021-07-01T15:57:18","guid":{"rendered":"http:\/\/www.messinaoggi.it\/website\/?p=71199"},"modified":"2021-07-01T17:57:20","modified_gmt":"2021-07-01T15:57:20","slug":"torregrotta-punta-forte-su-franco-pino","status":"publish","type":"post","link":"https:\/\/www.messinaoggi.it\/website\/2021\/07\/01\/torregrotta-punta-forte-su-franco-pino\/","title":{"rendered":"Torregrotta punta forte su Franco Pino"},"content":{"rendered":"\n<p>Mancano ormai pochi mesi per le elezioni amministrative, e a Torregrotta iniziano a sbucare i primi nomi dei candidati sindaco. Il primo ad aver ufficializzato la sua candidatura \u00e8 Franco Pino, 65 anni e gi\u00e0 assessore di Torregrotta.<div id=\"div-gpt-ad-Messinaoggi.it-DSK-300x250-corpoart\" style=\"text-align:center;margin:0 auto;\"><\/div><\/p>\n\n\n\n<p>Insomma, un candidato che gi\u00e0 si \u00e8 fatto le ossa per quel che riguarda la gestione della cosa pubblica, e sul quale pare che la cittadinanza voglia puntare in occasione della prossima tornata elettorale, prevista per settembre-ottobre.<div id=\"videoincontent\" style=\"clear:both\";><\/div><\/p>\n\n\n\n<p>Pino, in particolare, sar\u00e0 appoggiato dal movimento &#8220;Rialziamo Torregrotta&#8221;: \u201cPuntiamo su un candidato sindaco che prenda a cuore le problematiche degli imprenditori, di tutti gli altri lavoratori e delle famiglie che faticano ad arrivare alla fine del mese, sia prima che DOPO le elezioni&#8221;, si legge in un post sui social.<\/p>\n","protected":false},"excerpt":{"rendered":"<p>Mancano ormai pochi mesi per le elezioni amministrative, e a Torregrotta iniziano a sbucare i primi nomi dei candidati sindaco. Il primo ad aver ufficializzato la sua candidatura \u00e8 Franco Pino, 65 anni e gi\u00e0 assessore di Torregrotta. Insomma, un candidato che gi\u00e0 si \u00e8 fatto le ossa per quel che riguarda la gestione della [&hellip;]<\/p>\n","protected":false},"author":8,"featured_media":71200,"comment_status":"open","ping_status":"open","sticky":false,"template":"","format":"standard","meta":{"ub_ctt_via":"","_mi_skip_tracking":false},"categories":[13,14],"tags":[2426,2425,2424],"featured_image_src":"https:\/\/www.messinaoggi.it\/website\/wp-content\/uploads\/2021\/07\/IMG-20210701-WA0006.jpg","author_info":{"display_name":"red..me","author_link":"https:\/\/www.messinaoggi.it\/website\/author\/redstage\/"},"digistream_id":0,"digistream":false,"_links":{"self":[{"href":"https:\/\/www.messinaoggi.it\/website\/wp-json\/wp\/v2\/posts\/71199"}],"collection":[{"href":"https:\/\/www.messinaoggi.it\/website\/wp-json\/wp\/v2\/posts"}],"about":[{"href":"https:\/\/www.messinaoggi.it\/website\/wp-json\/wp\/v2\/types\/post"}],"author":[{"embeddable":true,"href":"https:\/\/www.messinaoggi.it\/website\/wp-json\/wp\/v2\/users\/8"}],"replies":[{"embeddable":true,"href":"https:\/\/www.messinaoggi.it\/website\/wp-json\/wp\/v2\/comments?post=71199"}],"version-history":[{"count":1,"href":"https:\/\/www.messinaoggi.it\/website\/wp-json\/wp\/v2\/posts\/71199\/revisions"}],"predecessor-version":[{"id":71201,"href":"https:\/\/www.messinaoggi.it\/website\/wp-json\/wp\/v2\/posts\/71199\/revisions\/71201"}],"wp:featuredmedia":[{"embeddable":true,"href":"https:\/\/www.messinaoggi.it\/website\/wp-json\/wp\/v2\/media\/71200"}],"wp:attachment":[{"href":"https:\/\/www.messinaoggi.it\/website\/wp-json\/wp\/v2\/media?parent=71199"}],"wp:term":[{"taxonomy":"category","embeddable":true,"href":"https:\/\/www.messinaoggi.it\/website\/wp-json\/wp\/v2\/categories?post=71199"},{"taxonomy":"post_tag","embeddable":true,"href":"https:\/\/www.messinaoggi.it\/website\/wp-json\/wp\/v2\/tags?post=71199"}],"curies":[{"name":"wp","href":"https:\/\/api.w.org\/{rel}","templated":true}]}}