{"id":71164,"date":"2021-07-01T15:35:07","date_gmt":"2021-07-01T13:35:07","guid":{"rendered":"http:\/\/www.messinaoggi.it\/website\/?p=71164"},"modified":"2021-07-01T15:35:08","modified_gmt":"2021-07-01T13:35:08","slug":"salini-il-ponte-va-fatto-per-rilancio-del-sud","status":"publish","type":"post","link":"https:\/\/www.messinaoggi.it\/website\/2021\/07\/01\/salini-il-ponte-va-fatto-per-rilancio-del-sud\/","title":{"rendered":"Salini: \u201cIl Ponte va fatto per rilancio del Sud\u201d"},"content":{"rendered":"\n<p>&#8220;Da costruttore penso che il Ponte sullo stretto di\u00a0<strong>MESSINA<\/strong>\u00a0debba essere fatto, \u00e8 parte integrante di un progetto, \u00e8 parte integrante di una rete, \u00e8 importantissimo per i 5 milioni e mezzo di cittadini che vivono in Sicilia, \u00e8 importantissimo per il Sud&#8221;. Lo ha detto l&#8217;amministratore delegato di Webuild Pietro Salini commentando l&#8217;approvazione del governo all&#8217;odg sul Ponte sullo Stretto, a margine della presentazione dell&#8217;opera &#8216;Ponte Farnese&#8217; all&#8217;Ambasciata francese. &#8220;Non pu\u00f2 essere che al Sud l&#8217;unico datore di lavoro sia il malaffare, Deve essere lo stato che aiuta gli imprenditori a fare il proprio mestiere, che li protegge, e che crea le condizioni perch\u00e9 si possa sviluppare quella parte del paese che \u00e8 indispensabile&#8221;, ha aggiunto Salini sottolineando che &#8220;non esiste futuro per un Paese che si dimentica di decine di milioni di persone&#8221;.<div id=\"div-gpt-ad-Messinaoggi.it-DSK-300x250-corpoart\" style=\"text-align:center;margin:0 auto;\"><\/div><\/p>\n<div id=\"videoincontent\" style=\"clear:both\";><\/div>","protected":false},"excerpt":{"rendered":"<p>&#8220;Da costruttore penso che il Ponte sullo stretto di\u00a0MESSINA\u00a0debba essere fatto, \u00e8 parte integrante di un progetto, \u00e8 parte integrante di una rete, \u00e8 importantissimo per i 5 milioni e mezzo di cittadini che vivono in Sicilia, \u00e8 importantissimo per il Sud&#8221;. Lo ha detto l&#8217;amministratore delegato di Webuild Pietro Salini commentando l&#8217;approvazione del governo [&hellip;]<\/p>\n","protected":false},"author":2,"featured_media":60093,"comment_status":"open","ping_status":"open","sticky":false,"template":"","format":"standard","meta":{"ub_ctt_via":"","_mi_skip_tracking":false},"categories":[19],"tags":[630,943],"featured_image_src":"https:\/\/www.messinaoggi.it\/website\/wp-content\/uploads\/2021\/04\/20210417_0376.jpg","author_info":{"display_name":"Redazione","author_link":"https:\/\/www.messinaoggi.it\/website\/author\/redazione\/"},"digistream_id":0,"digistream":false,"_links":{"self":[{"href":"https:\/\/www.messinaoggi.it\/website\/wp-json\/wp\/v2\/posts\/71164"}],"collection":[{"href":"https:\/\/www.messinaoggi.it\/website\/wp-json\/wp\/v2\/posts"}],"about":[{"href":"https:\/\/www.messinaoggi.it\/website\/wp-json\/wp\/v2\/types\/post"}],"author":[{"embeddable":true,"href":"https:\/\/www.messinaoggi.it\/website\/wp-json\/wp\/v2\/users\/2"}],"replies":[{"embeddable":true,"href":"https:\/\/www.messinaoggi.it\/website\/wp-json\/wp\/v2\/comments?post=71164"}],"version-history":[{"count":1,"href":"https:\/\/www.messinaoggi.it\/website\/wp-json\/wp\/v2\/posts\/71164\/revisions"}],"predecessor-version":[{"id":71165,"href":"https:\/\/www.messinaoggi.it\/website\/wp-json\/wp\/v2\/posts\/71164\/revisions\/71165"}],"wp:featuredmedia":[{"embeddable":true,"href":"https:\/\/www.messinaoggi.it\/website\/wp-json\/wp\/v2\/media\/60093"}],"wp:attachment":[{"href":"https:\/\/www.messinaoggi.it\/website\/wp-json\/wp\/v2\/media?parent=71164"}],"wp:term":[{"taxonomy":"category","embeddable":true,"href":"https:\/\/www.messinaoggi.it\/website\/wp-json\/wp\/v2\/categories?post=71164"},{"taxonomy":"post_tag","embeddable":true,"href":"https:\/\/www.messinaoggi.it\/website\/wp-json\/wp\/v2\/tags?post=71164"}],"curies":[{"name":"wp","href":"https:\/\/api.w.org\/{rel}","templated":true}]}}