{"id":71005,"date":"2021-06-30T14:07:59","date_gmt":"2021-06-30T12:07:59","guid":{"rendered":"https:\/\/www.messinaoggi.it\/website\/2021\/06\/30\/taekwondo-cito-importante-essere-a-tokyo-italia-fara-bella-figura\/"},"modified":"2021-06-30T14:07:59","modified_gmt":"2021-06-30T12:07:59","slug":"taekwondo-cito-importante-essere-a-tokyo-italia-fara-bella-figura","status":"publish","type":"post","link":"https:\/\/www.messinaoggi.it\/website\/2021\/06\/30\/taekwondo-cito-importante-essere-a-tokyo-italia-fara-bella-figura\/","title":{"rendered":"Taekwondo, Cito \u201cImportante essere a Tokyo, Italia far\u00e0 bella figura\u201d"},"content":{"rendered":"<div>PALERMO (ITALPRESS) &#8211; Il taekwondo italiano continua il suo proficuo percorso di crescita e si prepara alle Olimpiadi di Tokyo in programma dal 23 luglio all&#8217;8 agosto. &#8220;Aver portato due atleti alle olimpiadi (Simone Alessio e Vito Dell&#8217;Aquila) e un atleta alle Paralimpiadi (Antonino Bossolo), \u00e8 importante soprattutto perch\u00e8 \u00e8 la prima volta del taekwondo alle Paralimpiadi e l&#8217;Italia c&#8217;\u00e8&#8221;, ha detto all&#8217;Italpress Angelo Cito, presidente della Federazione Italiana Taekwondo. Il numero uno della Fita, presente a Palermo per la stipula del protocollo d&#8217;intesa tra la federazione, Questura di Palermo e Fiamme Oro, volto a promuovere e divulgare i valori della legalit\u00e0 e della convivenza civile attraverso lo sport, specialmente nelle fasce d&#8217;et\u00e0 giovanili, ha spiegato: &#8220;Prima di tutto lo sport al servizio della societ\u00e0. E&#8217; stata fatta una richiesta da parte dell&#8217;associazione Quarto Savona Quindici per autorizzare i ragazzi e bambini a potersi allenare presso le Fiamme Oro di Palermo. Prima \u00e8 stata fatta una deroga e poi \u00e8 stato firmato il protocollo. E&#8217; stata una cosa gradevole, piacevole e al servizio dei ragazzi&#8221;. Il numero uno del taekwondo azzurro ha messo in rilievo l&#8217;importanza della partecipazione di Bossolo alle Paralimpiadi: &#8220;E&#8217; un segnale importante anche per tutti i ragazzi che purtroppo devono convivere con delle disabilit\u00e0. Lo sport aiuta a superarle. L&#8217;obiettivo \u00e8 quello di puntare ad un risultato importante soprattutto dopo le medaglie di Londra e Pechino. Ritorniamo alle Olimpiadi dopo la non qualificazione di Rio con tre atleti e obiettivi importanti&#8221;. Cito si \u00e8 anche soffermato sulla possibilit\u00e0 che a Tokyo ci siano delle sorprese: &#8220;Preferisco essere superstizioso, amo confrontarmi sul campo. Per\u00f2 da questo punto di vista la penso come il presidente del Coni Giovanni Malag\u00f2, ci saranno sicuramente delle sorprese. Quest&#8217;anno di pandemia ha fatto emergere determinate situazioni alle quali non eravamo preparati: alcuni atleti stanno rendendo in un modo straordinario, altri che probabilmente non sono riusciti a superare questo periodo di difficolt\u00e0. Sono convinto che l&#8217;Italia far\u00e0 bella figura e spero che tra questi atleti ci sia anche qualcuno del taekwondo&#8221;, ha concluso Cito.<br \/>(ITALPRESS).<\/div>\n<div id=\"div-gpt-ad-Messinaoggi.it-DSK-300x250-corpoart\" style=\"text-align:center;margin:0 auto;\"><\/div><\/p><div id=\"videoincontent\" style=\"clear:both\";><\/div>","protected":false},"excerpt":{"rendered":"<p>PALERMO (ITALPRESS) &#8211; Il taekwondo italiano continua il suo proficuo percorso di crescita e si prepara alle Olimpiadi di Tokyo in programma dal 23 luglio all&#8217;8 agosto. &#8220;Aver portato due atleti alle olimpiadi (Simone Alessio e Vito Dell&#8217;Aquila) e un atleta alle Paralimpiadi (Antonino Bossolo), \u00e8 importante soprattutto perch\u00e8 \u00e8 la prima volta del taekwondo [&hellip;]<\/p>\n","protected":false},"author":18,"featured_media":71006,"comment_status":"closed","ping_status":"closed","sticky":false,"template":"","format":"standard","meta":{"ub_ctt_via":"","_mi_skip_tracking":false},"categories":[446],"tags":[783],"featured_image_src":"https:\/\/www.messinaoggi.it\/website\/wp-content\/uploads\/2021\/06\/20210630_0748.jpg","author_info":{"display_name":"Admin","author_link":"https:\/\/www.messinaoggi.it\/website\/author\/admin\/"},"digistream_id":0,"digistream":false,"_links":{"self":[{"href":"https:\/\/www.messinaoggi.it\/website\/wp-json\/wp\/v2\/posts\/71005"}],"collection":[{"href":"https:\/\/www.messinaoggi.it\/website\/wp-json\/wp\/v2\/posts"}],"about":[{"href":"https:\/\/www.messinaoggi.it\/website\/wp-json\/wp\/v2\/types\/post"}],"author":[{"embeddable":true,"href":"https:\/\/www.messinaoggi.it\/website\/wp-json\/wp\/v2\/users\/18"}],"replies":[{"embeddable":true,"href":"https:\/\/www.messinaoggi.it\/website\/wp-json\/wp\/v2\/comments?post=71005"}],"version-history":[{"count":0,"href":"https:\/\/www.messinaoggi.it\/website\/wp-json\/wp\/v2\/posts\/71005\/revisions"}],"wp:featuredmedia":[{"embeddable":true,"href":"https:\/\/www.messinaoggi.it\/website\/wp-json\/wp\/v2\/media\/71006"}],"wp:attachment":[{"href":"https:\/\/www.messinaoggi.it\/website\/wp-json\/wp\/v2\/media?parent=71005"}],"wp:term":[{"taxonomy":"category","embeddable":true,"href":"https:\/\/www.messinaoggi.it\/website\/wp-json\/wp\/v2\/categories?post=71005"},{"taxonomy":"post_tag","embeddable":true,"href":"https:\/\/www.messinaoggi.it\/website\/wp-json\/wp\/v2\/tags?post=71005"}],"curies":[{"name":"wp","href":"https:\/\/api.w.org\/{rel}","templated":true}]}}