{"id":70987,"date":"2021-06-30T12:00:45","date_gmt":"2021-06-30T10:00:45","guid":{"rendered":"http:\/\/www.messinaoggi.it\/website\/?p=70987"},"modified":"2021-06-30T12:03:52","modified_gmt":"2021-06-30T10:03:52","slug":"il-comune-si-aggiudica-larea-di-torre-morandi","status":"publish","type":"post","link":"https:\/\/www.messinaoggi.it\/website\/2021\/06\/30\/il-comune-si-aggiudica-larea-di-torre-morandi\/","title":{"rendered":"Il Comune si aggiudica l&#8217;area di Torre Morandi"},"content":{"rendered":"\n<p>Il Comune di Messina ha perfezionato l\u2019atto di acquisto dell\u2019area Torri Morandi, sede dell\u2019omonimo parcheggio, i cui lavori di manutenzione sono stati recentemente completati, aprendo la struttura alla fruizione estiva di Torre Faro.<div id=\"div-gpt-ad-Messinaoggi.it-DSK-300x250-corpoart\" style=\"text-align:center;margin:0 auto;\"><\/div><\/p>\n\n\n\n<p>Il Comune, a seguito di una trattativa con E Distribuzione ed Enel Italia Spa, si \u00e8 aggiudicato una porzione di territorio particolarmente strategica, soprattutto nel periodo estivo, in cui il suddetto borgo marinaro, vede incrementare notevolmente la densit\u00e0 abitativa e di turisti in transito.<br>Il prestigioso immobile, sito in via Pozzo Giudeo, \u00e8 composto da cinque corpi di fabbrica, con annesso un terreno di 22.300 mq, adibito appunto a parcheggio.<br>\u201c Un negoziato importante \u2013 sottolinea l\u2019assessore ai Lavori pubblici, Salvatore Mondello \u2013 che identifica le modalit\u00e0 operative di questa Amministrazione, che si distingue per le azioni concrete che portano, come in questo caso, ad una definizione delle problematiche, piuttosto che a provvedimenti tampone. L\u2019acquisto di questa preziosa porzione di territorio, mette infatti il Comune nelle condizioni di definire con ampi margini di manovra le questioni connesse alla viabilit\u00e0 estiva, oltre ad aprire scenari di sviluppo turistico e produttivo per Torre Faro. Come sempre, \u00e8 stata privilegiata la visione complessiva delle problematiche, che vengono contestualizzate ed affrontate da pi\u00f9 angolazioni, analizzando le prospettive presenti e future&#8221;<div id=\"videoincontent\" style=\"clear:both\";><\/div><\/p>\n","protected":false},"excerpt":{"rendered":"<p>Il Comune di Messina ha perfezionato l\u2019atto di acquisto dell\u2019area Torri Morandi, sede dell\u2019omonimo parcheggio, i cui lavori di manutenzione sono stati recentemente completati, aprendo la struttura alla fruizione estiva di Torre Faro. Il Comune, a seguito di una trattativa con E Distribuzione ed Enel Italia Spa, si \u00e8 aggiudicato una porzione di territorio particolarmente [&hellip;]<\/p>\n","protected":false},"author":4,"featured_media":57543,"comment_status":"open","ping_status":"open","sticky":false,"template":"","format":"standard","meta":{"ub_ctt_via":"","_mi_skip_tracking":false},"categories":[6],"tags":[25,2406,1154,2269],"featured_image_src":"https:\/\/www.messinaoggi.it\/website\/wp-content\/uploads\/2021\/03\/torre-faro-pilone-mare-dallalto-6.jpg","author_info":{"display_name":"redme","author_link":"https:\/\/www.messinaoggi.it\/website\/author\/redme\/"},"digistream_id":0,"digistream":false,"_links":{"self":[{"href":"https:\/\/www.messinaoggi.it\/website\/wp-json\/wp\/v2\/posts\/70987"}],"collection":[{"href":"https:\/\/www.messinaoggi.it\/website\/wp-json\/wp\/v2\/posts"}],"about":[{"href":"https:\/\/www.messinaoggi.it\/website\/wp-json\/wp\/v2\/types\/post"}],"author":[{"embeddable":true,"href":"https:\/\/www.messinaoggi.it\/website\/wp-json\/wp\/v2\/users\/4"}],"replies":[{"embeddable":true,"href":"https:\/\/www.messinaoggi.it\/website\/wp-json\/wp\/v2\/comments?post=70987"}],"version-history":[{"count":1,"href":"https:\/\/www.messinaoggi.it\/website\/wp-json\/wp\/v2\/posts\/70987\/revisions"}],"predecessor-version":[{"id":70988,"href":"https:\/\/www.messinaoggi.it\/website\/wp-json\/wp\/v2\/posts\/70987\/revisions\/70988"}],"wp:featuredmedia":[{"embeddable":true,"href":"https:\/\/www.messinaoggi.it\/website\/wp-json\/wp\/v2\/media\/57543"}],"wp:attachment":[{"href":"https:\/\/www.messinaoggi.it\/website\/wp-json\/wp\/v2\/media?parent=70987"}],"wp:term":[{"taxonomy":"category","embeddable":true,"href":"https:\/\/www.messinaoggi.it\/website\/wp-json\/wp\/v2\/categories?post=70987"},{"taxonomy":"post_tag","embeddable":true,"href":"https:\/\/www.messinaoggi.it\/website\/wp-json\/wp\/v2\/tags?post=70987"}],"curies":[{"name":"wp","href":"https:\/\/api.w.org\/{rel}","templated":true}]}}