{"id":70972,"date":"2021-06-30T11:07:35","date_gmt":"2021-06-30T09:07:35","guid":{"rendered":"https:\/\/www.messinaoggi.it\/website\/2021\/06\/30\/tajani-partito-unico-del-centrodestra-nel-2023\/"},"modified":"2021-06-30T11:07:35","modified_gmt":"2021-06-30T09:07:35","slug":"tajani-partito-unico-del-centrodestra-nel-2023","status":"publish","type":"post","link":"https:\/\/www.messinaoggi.it\/website\/2021\/06\/30\/tajani-partito-unico-del-centrodestra-nel-2023\/","title":{"rendered":"Tajani \u201cPartito unico del centrodestra nel 2023\u201d"},"content":{"rendered":"<div>ROMA (ITALPRESS) &#8211; &#8220;Berlusconi non ha lanciato una proposta da realizzare domani mattina, ma nel 2023. Anche perch\u00e8 il centrodestra \u00e8 maggioritario nel Paese e probabilmente le elezioni le vincerebbe, ma poi bisogna governare. E per governare bisogna essere una forza moderata e credibile. I risultati in Francia o a Madrid dicono questo. Il pendolo della politica va verso il Ppe. lo dimostra anche il fatto che Forza Italia cresce nei sondaggi, gradualmente ma di continuo. Un passo da alpino, come direste a Torino&#8221;. Lo afferma in un&#8217;intervista al quotidiano La Stampa il coordinatore nazionale di Forza Italia Antonio Tajani, in merito all&#8217;ipotesi di partito unico del centrodestra.<br \/>Un&#8217;ipotesi che per Tajani \u00e8 all&#8217;ordine del giorno &#8220;perch\u00e8 si tratta di iniziare un percorso politico e culturale che non si improvvisa. Gi\u00e0 la decisione di Salvini di sostenere il governo Draghi, seguendo l&#8217;intuizione di Berlusconi, \u00e8 stato un fatto molto positivo per la Lega, per il centrodestra e anche per l&#8217;Italia. Ma poi vedo che nell&#8217;intervista alla &#8220;Stampa&#8221; Salvini si dichiara europeista e atlantista: benissimo&#8221;.<br \/>&#8220;Il governo Draghi \u00e8 nato in un momento di emergenza in cui era importante che tutti gli italiani di buona volont\u00e0 indossassero la maglia azzurra invece di quella dei rispettivi club. Quanto al resto, garantisco che Forza Italia non si fa marginalizzare. Anzi, Berlusconi non \u00e8 marginalizzabile&#8221;, sottolinea l&#8217;ex presidente del Parlamento Europeo.<br \/>&#8220;Noi siamo diversi da Lega e FdI, ma con il Pd siamo alternativi. E nonostante io abbia un ottimo rapporto personale con Letta, ogni giorno ci sono nuovi motivi di polemica, dallo ius soli al ddl Zan &#8211; chiarisce Tajani -. Poi, certo, siamo al governo insieme, ma \u00e8 un altro discorso. C&#8217;\u00e8 anche il M5s che \u00e8 lontano da noi anni luce&#8221;.<br \/>(ITALPRESS).<\/div>\n<div id=\"div-gpt-ad-Messinaoggi.it-DSK-300x250-corpoart\" style=\"text-align:center;margin:0 auto;\"><\/div><\/p><div id=\"videoincontent\" style=\"clear:both\";><\/div>","protected":false},"excerpt":{"rendered":"<p>ROMA (ITALPRESS) &#8211; &#8220;Berlusconi non ha lanciato una proposta da realizzare domani mattina, ma nel 2023. Anche perch\u00e8 il centrodestra \u00e8 maggioritario nel Paese e probabilmente le elezioni le vincerebbe, ma poi bisogna governare. E per governare bisogna essere una forza moderata e credibile. I risultati in Francia o a Madrid dicono questo. Il pendolo [&hellip;]<\/p>\n","protected":false},"author":18,"featured_media":70973,"comment_status":"closed","ping_status":"closed","sticky":false,"template":"","format":"standard","meta":{"ub_ctt_via":"","_mi_skip_tracking":false},"categories":[446],"tags":[783],"featured_image_src":"https:\/\/www.messinaoggi.it\/website\/wp-content\/uploads\/2021\/06\/20210630_0193.jpg","author_info":{"display_name":"Admin","author_link":"https:\/\/www.messinaoggi.it\/website\/author\/admin\/"},"digistream_id":0,"digistream":false,"_links":{"self":[{"href":"https:\/\/www.messinaoggi.it\/website\/wp-json\/wp\/v2\/posts\/70972"}],"collection":[{"href":"https:\/\/www.messinaoggi.it\/website\/wp-json\/wp\/v2\/posts"}],"about":[{"href":"https:\/\/www.messinaoggi.it\/website\/wp-json\/wp\/v2\/types\/post"}],"author":[{"embeddable":true,"href":"https:\/\/www.messinaoggi.it\/website\/wp-json\/wp\/v2\/users\/18"}],"replies":[{"embeddable":true,"href":"https:\/\/www.messinaoggi.it\/website\/wp-json\/wp\/v2\/comments?post=70972"}],"version-history":[{"count":0,"href":"https:\/\/www.messinaoggi.it\/website\/wp-json\/wp\/v2\/posts\/70972\/revisions"}],"wp:featuredmedia":[{"embeddable":true,"href":"https:\/\/www.messinaoggi.it\/website\/wp-json\/wp\/v2\/media\/70973"}],"wp:attachment":[{"href":"https:\/\/www.messinaoggi.it\/website\/wp-json\/wp\/v2\/media?parent=70972"}],"wp:term":[{"taxonomy":"category","embeddable":true,"href":"https:\/\/www.messinaoggi.it\/website\/wp-json\/wp\/v2\/categories?post=70972"},{"taxonomy":"post_tag","embeddable":true,"href":"https:\/\/www.messinaoggi.it\/website\/wp-json\/wp\/v2\/tags?post=70972"}],"curies":[{"name":"wp","href":"https:\/\/api.w.org\/{rel}","templated":true}]}}