{"id":70970,"date":"2021-06-30T11:07:33","date_gmt":"2021-06-30T09:07:33","guid":{"rendered":"https:\/\/www.messinaoggi.it\/website\/2021\/06\/30\/saldi-estivi-170-euro-la-spesa-media-a-famiglia\/"},"modified":"2021-06-30T11:07:33","modified_gmt":"2021-06-30T09:07:33","slug":"saldi-estivi-170-euro-la-spesa-media-a-famiglia","status":"publish","type":"post","link":"https:\/\/www.messinaoggi.it\/website\/2021\/06\/30\/saldi-estivi-170-euro-la-spesa-media-a-famiglia\/","title":{"rendered":"Saldi estivi, 170 euro la spesa media a famiglia"},"content":{"rendered":"<div>ROMA (ITALPRESS) &#8211; L&#8217;1 luglio il via ai saldi in Sicilia, il 2 scatteranno in quasi tutte le altre regioni. Ultime a partire la Puglia il 24 luglio e la Basilicata il 2 agosto. Secondo le stime dell&#8217;Ufficio Studi di Confcommercio, quest&#8217;anno per l&#8217;acquisto di capi scontati ogni famiglia spender\u00e0 in media 171 euro &#8211; pari a 74 euro pro capite &#8211; per un valore complessivo di 2,6 miliardi di euro.<br \/>&#8220;Dopo l&#8217;annus horribilis, l&#8217;auspicio \u00e8 che riparta la corsa allo shopping. C&#8217;\u00e8 tanta voglia di libert\u00e0 e di ritorno ad una nuova normalit\u00e0. E, dopo un lungo periodo di restrizioni, i saldi estivi rappresentano un&#8217;occasione importante per recuperare il tempo perduto e rinnovare il guardaroba per le vacanze, acquistando anche a prezzi convenienti&#8221;, afferma Renato Borghi, presidente di Federazione Moda Italia-Confcommercio, commenta l&#8217;avvio dei saldi estivi.<br \/>&#8220;Per questi saldi ci aspettiamo consumi in crescita rispetto allo scorso anno ma, soprattutto, una conferma del trend degli acquisti nei negozi di prossimit\u00e0, dopo il forzato ricorso agli acquisti sul web &#8211; prosegue -. In questo senso attendiamo dal Governo una forte presa di posizione, gi\u00e0 nel prossimo incontro dei Ministri delle Finanze e Governatori delle Banche centrali del G20 a Venezia, per l&#8217;introduzione di un&#8217;imposta minima globale sui ricavi dei colossi del web nei Paesi in cui operano. E&#8217; una soluzione fondamentale per riequilibrare i rapporti di forza in un mercato che non pu\u00f2 rimanere senza regole. Occorre dare certezze alle imprese per garantire i valori della nostra societ\u00e0, della nostra tradizione, della nostra economia e dei nostri territori, ma soprattutto per rendere pi\u00f9 stimolante, sostenibile e reale la relazione sociale tra le persone&#8221;.<br \/>(ITALPRESS).<\/div>\n<div id=\"div-gpt-ad-Messinaoggi.it-DSK-300x250-corpoart\" style=\"text-align:center;margin:0 auto;\"><\/div><\/p><div id=\"videoincontent\" style=\"clear:both\";><\/div>","protected":false},"excerpt":{"rendered":"<p>ROMA (ITALPRESS) &#8211; L&#8217;1 luglio il via ai saldi in Sicilia, il 2 scatteranno in quasi tutte le altre regioni. Ultime a partire la Puglia il 24 luglio e la Basilicata il 2 agosto. Secondo le stime dell&#8217;Ufficio Studi di Confcommercio, quest&#8217;anno per l&#8217;acquisto di capi scontati ogni famiglia spender\u00e0 in media 171 euro &#8211; [&hellip;]<\/p>\n","protected":false},"author":18,"featured_media":70971,"comment_status":"closed","ping_status":"closed","sticky":false,"template":"","format":"standard","meta":{"ub_ctt_via":"","_mi_skip_tracking":false},"categories":[446],"tags":[783],"featured_image_src":"https:\/\/www.messinaoggi.it\/website\/wp-content\/uploads\/2021\/06\/20210630_0179.jpg","author_info":{"display_name":"Admin","author_link":"https:\/\/www.messinaoggi.it\/website\/author\/admin\/"},"digistream_id":0,"digistream":false,"_links":{"self":[{"href":"https:\/\/www.messinaoggi.it\/website\/wp-json\/wp\/v2\/posts\/70970"}],"collection":[{"href":"https:\/\/www.messinaoggi.it\/website\/wp-json\/wp\/v2\/posts"}],"about":[{"href":"https:\/\/www.messinaoggi.it\/website\/wp-json\/wp\/v2\/types\/post"}],"author":[{"embeddable":true,"href":"https:\/\/www.messinaoggi.it\/website\/wp-json\/wp\/v2\/users\/18"}],"replies":[{"embeddable":true,"href":"https:\/\/www.messinaoggi.it\/website\/wp-json\/wp\/v2\/comments?post=70970"}],"version-history":[{"count":0,"href":"https:\/\/www.messinaoggi.it\/website\/wp-json\/wp\/v2\/posts\/70970\/revisions"}],"wp:featuredmedia":[{"embeddable":true,"href":"https:\/\/www.messinaoggi.it\/website\/wp-json\/wp\/v2\/media\/70971"}],"wp:attachment":[{"href":"https:\/\/www.messinaoggi.it\/website\/wp-json\/wp\/v2\/media?parent=70970"}],"wp:term":[{"taxonomy":"category","embeddable":true,"href":"https:\/\/www.messinaoggi.it\/website\/wp-json\/wp\/v2\/categories?post=70970"},{"taxonomy":"post_tag","embeddable":true,"href":"https:\/\/www.messinaoggi.it\/website\/wp-json\/wp\/v2\/tags?post=70970"}],"curies":[{"name":"wp","href":"https:\/\/api.w.org\/{rel}","templated":true}]}}