{"id":70892,"date":"2021-06-29T18:07:34","date_gmt":"2021-06-29T16:07:34","guid":{"rendered":"https:\/\/www.messinaoggi.it\/website\/2021\/06\/29\/umberto-tozzi-al-via-tour-acustico-songs\/"},"modified":"2021-06-30T08:10:56","modified_gmt":"2021-06-30T06:10:56","slug":"umberto-tozzi-al-via-tour-acustico-songs","status":"publish","type":"post","link":"https:\/\/www.messinaoggi.it\/website\/2021\/06\/29\/umberto-tozzi-al-via-tour-acustico-songs\/","title":{"rendered":"Umberto Tozzi, al via tour acustico \u201cSongs\u201d"},"content":{"rendered":"<div>ROMA (ITALPRESS) &#8211; Il 5 luglio dallo Stupinigi Sonic Park di Nichelino (TO) avr\u00e0 inizio &#8220;Songs&#8221;, una serie di speciali concerti in acustico con cui Umberto Tozzi attraverser\u00e0 tutta l&#8217;Italia.<br \/>&#8220;Songs&#8221; sar\u00e0 un modo per l&#8217;artista per tornare a incontrare dal vivo il proprio pubblico, dopo questi lunghi mesi in cui il mondo intero \u00e8 rimasto sospeso, un piccolo passo per far ripartire la musica.<br \/>\u00abSono felicissimo! &#8211; ha commentato Tozzi &#8211; La riapertura dei concerti e dei luoghi di cultura in genere vuol dire finalmente ridare ossigeno a tutti gli operatori dello spettacolo che per questo lunghissimo periodo hanno sofferto in silenzio, dimenticati e senza nessun sostegno economico. Sembra un sogno poter immaginare di risalire su un Palco e incontrare di nuovo le persone che saranno l\u00ec per assistere ad un tuo concerto. Mi auguro che sia per me che per i miei colleghi possa essere l&#8217;inizio di un ritorno al pi\u00f9 presto alla normalit\u00e0 e la fine di un lunghissimo incubo\u00bb.<br \/>(ITALPRESS).<\/div>\n<div id=\"div-gpt-ad-Messinaoggi.it-DSK-300x250-corpoart\" style=\"text-align:center;margin:0 auto;\"><\/div><\/p><div id=\"videoincontent\" style=\"clear:both\";><\/div>","protected":false},"excerpt":{"rendered":"<p>ROMA (ITALPRESS) &#8211; Il 5 luglio dallo Stupinigi Sonic Park di Nichelino (TO) avr\u00e0 inizio &#8220;Songs&#8221;, una serie di speciali concerti in acustico con cui Umberto Tozzi attraverser\u00e0 tutta l&#8217;Italia.&#8220;Songs&#8221; sar\u00e0 un modo per l&#8217;artista per tornare a incontrare dal vivo il proprio pubblico, dopo questi lunghi mesi in cui il mondo intero \u00e8 rimasto [&hellip;]<\/p>\n","protected":false},"author":18,"featured_media":70893,"comment_status":"closed","ping_status":"closed","sticky":false,"template":"","format":"standard","meta":{"ub_ctt_via":"","_mi_skip_tracking":false},"categories":[446,17],"tags":[783],"featured_image_src":"https:\/\/www.messinaoggi.it\/website\/wp-content\/uploads\/2021\/06\/20210629_1700-700x486-1.jpg","author_info":{"display_name":"Admin","author_link":"https:\/\/www.messinaoggi.it\/website\/author\/admin\/"},"digistream_id":0,"digistream":false,"_links":{"self":[{"href":"https:\/\/www.messinaoggi.it\/website\/wp-json\/wp\/v2\/posts\/70892"}],"collection":[{"href":"https:\/\/www.messinaoggi.it\/website\/wp-json\/wp\/v2\/posts"}],"about":[{"href":"https:\/\/www.messinaoggi.it\/website\/wp-json\/wp\/v2\/types\/post"}],"author":[{"embeddable":true,"href":"https:\/\/www.messinaoggi.it\/website\/wp-json\/wp\/v2\/users\/18"}],"replies":[{"embeddable":true,"href":"https:\/\/www.messinaoggi.it\/website\/wp-json\/wp\/v2\/comments?post=70892"}],"version-history":[{"count":1,"href":"https:\/\/www.messinaoggi.it\/website\/wp-json\/wp\/v2\/posts\/70892\/revisions"}],"predecessor-version":[{"id":70944,"href":"https:\/\/www.messinaoggi.it\/website\/wp-json\/wp\/v2\/posts\/70892\/revisions\/70944"}],"wp:featuredmedia":[{"embeddable":true,"href":"https:\/\/www.messinaoggi.it\/website\/wp-json\/wp\/v2\/media\/70893"}],"wp:attachment":[{"href":"https:\/\/www.messinaoggi.it\/website\/wp-json\/wp\/v2\/media?parent=70892"}],"wp:term":[{"taxonomy":"category","embeddable":true,"href":"https:\/\/www.messinaoggi.it\/website\/wp-json\/wp\/v2\/categories?post=70892"},{"taxonomy":"post_tag","embeddable":true,"href":"https:\/\/www.messinaoggi.it\/website\/wp-json\/wp\/v2\/tags?post=70892"}],"curies":[{"name":"wp","href":"https:\/\/api.w.org\/{rel}","templated":true}]}}