{"id":70832,"date":"2021-06-28T21:43:34","date_gmt":"2021-06-28T19:43:34","guid":{"rendered":"http:\/\/www.messinaoggi.it\/website\/?p=70832"},"modified":"2021-06-28T21:43:36","modified_gmt":"2021-06-28T19:43:36","slug":"scontro-auto-scooter-su-viale-gazzi","status":"publish","type":"post","link":"https:\/\/www.messinaoggi.it\/website\/2021\/06\/28\/scontro-auto-scooter-su-viale-gazzi\/","title":{"rendered":"Scontro auto-scooter su viale Gazzi"},"content":{"rendered":"\n<p>Uno scooterista \u00e8 finito in ospedale col la sospetta frattura di una gamba a causa di un incidente verificatosi su viale Gazzi questa sera.<div id=\"div-gpt-ad-Messinaoggi.it-DSK-300x250-corpoart\" style=\"text-align:center;margin:0 auto;\"><\/div><\/p>\n\n\n\n<p>L\u2019impatto fra una Ford Focus \u00e8 uno scooter \u00e8 stato violentissimo e ad avere la peggio \u00e8 stato il centauro.<div id=\"videoincontent\" style=\"clear:both\";><\/div><\/p>\n\n\n\n<p>L\u2019uomo \u00e8 stato accompagnato al vicino pronto soccorso del Policlinico da personale del 118.<\/p>\n\n\n\n<p>Sulla dinamica dell\u2019incidente stanno indagando gli agenti della Municipale. In prossimit\u00e0 dell\u2019incrocio fra viale Gazzi e via Bonino si sono formate lunghe code di auto.<\/p>\n","protected":false},"excerpt":{"rendered":"<p>Uno scooterista \u00e8 finito in ospedale col la sospetta frattura di una gamba a causa di un incidente verificatosi su viale Gazzi questa sera. L\u2019impatto fra una Ford Focus \u00e8 uno scooter \u00e8 stato violentissimo e ad avere la peggio \u00e8 stato il centauro. L\u2019uomo \u00e8 stato accompagnato al vicino pronto soccorso del Policlinico da [&hellip;]<\/p>\n","protected":false},"author":2,"featured_media":70833,"comment_status":"open","ping_status":"open","sticky":false,"template":"","format":"standard","meta":{"ub_ctt_via":"","_mi_skip_tracking":false},"categories":[6],"tags":[2393,74,2392],"featured_image_src":"https:\/\/www.messinaoggi.it\/website\/wp-content\/uploads\/2021\/06\/DB586958-B209-4CED-8B33-C58B6D4C199B.jpeg","author_info":{"display_name":"Redazione","author_link":"https:\/\/www.messinaoggi.it\/website\/author\/redazione\/"},"digistream_id":0,"digistream":false,"_links":{"self":[{"href":"https:\/\/www.messinaoggi.it\/website\/wp-json\/wp\/v2\/posts\/70832"}],"collection":[{"href":"https:\/\/www.messinaoggi.it\/website\/wp-json\/wp\/v2\/posts"}],"about":[{"href":"https:\/\/www.messinaoggi.it\/website\/wp-json\/wp\/v2\/types\/post"}],"author":[{"embeddable":true,"href":"https:\/\/www.messinaoggi.it\/website\/wp-json\/wp\/v2\/users\/2"}],"replies":[{"embeddable":true,"href":"https:\/\/www.messinaoggi.it\/website\/wp-json\/wp\/v2\/comments?post=70832"}],"version-history":[{"count":1,"href":"https:\/\/www.messinaoggi.it\/website\/wp-json\/wp\/v2\/posts\/70832\/revisions"}],"predecessor-version":[{"id":70834,"href":"https:\/\/www.messinaoggi.it\/website\/wp-json\/wp\/v2\/posts\/70832\/revisions\/70834"}],"wp:featuredmedia":[{"embeddable":true,"href":"https:\/\/www.messinaoggi.it\/website\/wp-json\/wp\/v2\/media\/70833"}],"wp:attachment":[{"href":"https:\/\/www.messinaoggi.it\/website\/wp-json\/wp\/v2\/media?parent=70832"}],"wp:term":[{"taxonomy":"category","embeddable":true,"href":"https:\/\/www.messinaoggi.it\/website\/wp-json\/wp\/v2\/categories?post=70832"},{"taxonomy":"post_tag","embeddable":true,"href":"https:\/\/www.messinaoggi.it\/website\/wp-json\/wp\/v2\/tags?post=70832"}],"curies":[{"name":"wp","href":"https:\/\/api.w.org\/{rel}","templated":true}]}}