{"id":7076,"date":"2017-08-31T14:32:33","date_gmt":"2017-08-31T12:32:33","guid":{"rendered":"http:\/\/www.messinaoggi.it\/website\/?p=7076"},"modified":"2017-08-31T14:32:33","modified_gmt":"2017-08-31T12:32:33","slug":"il-messina-si-presenta-sciotto-rilancia-le-sue-ambizioni","status":"publish","type":"post","link":"https:\/\/www.messinaoggi.it\/website\/2017\/08\/31\/il-messina-si-presenta-sciotto-rilancia-le-sue-ambizioni\/","title":{"rendered":"Il Messina si presenta, Sciotto rilancia le sue ambizioni"},"content":{"rendered":"<p>Conferenza stampa di presentazione del nuovo Acr Messina alla presenza del sindaco Renato Accorinti, che assicura la massima disponibilit\u00e0 della giunta e augura il meglio alla nuova societ\u00e0 presieduta da Pietro Sciotto. Il patron della nuova Acr non nasconde le sue ambizioni e il desiderio di diventare presidente del Messina. \u201cHo avuto sempre il desiderio di diventare presidente del Messina e finalmente questo sogno si \u00e8 avverato. Voglio dimostrare alla citt\u00e0 di essere degno di essere il presidente di questa societ\u00e0 e sono convinto di raggiungere l\u2019obiettivo. Abbiamo creato una squadra competitiva in soli quattordici giorni, sia al livello dirigenziale che al livello tecnico.\u201d<br \/>\nNiki Patti, gi\u00e0 noto alla tifoseria messinese, curer\u00e0 i rapporti con l\u2019imprenditoria locale: \u201cLa volont\u00e0 del Presidente di rilanciare il calcio a Messina \u00e8 ammirevole e per questo chiediamo fiducia. Ci auguriamo la stessa risposta che la citt\u00e0 ha dato nel momento in cui il futuro era incerto. Capisco che le conseguenze di questi dieci anni continuano a ripercuotersi, non possiamo di certo far miracoli ma \u00e8 importante che la gente ci dia del tempo per cercare di migliorare le cose.\u201d<br \/>\nPresente anche il vice Presidente, Matteo Sciotto, fratello di Pietro: \u201cTutti noi dobbiamo lavorare in un\u2019unica direzione perch\u00e9 il Messina \u00e8 di tutti noi e perch\u00e9 vogliamo garantire a questa nuova societ\u00e0 un presente e un futuro. Sono stati anni segnati dall\u2019amarezza ma il nostro impegno \u00e8 massimo per ottenere risultati.\u201d<br \/>\nAnche Giovanni Carabell\u00f2 sta collaborando attivamente alla creazione della nuova squadra: \u201cVorrei che il calcio restituisse qualcosa al territorio e per farlo ci vuole assolutamente una seriet\u00e0 tale da creare una programmazione.\u201d<br \/>\nA curare il rapporto con le scuole, il prof. Aldo Violato: \u201cVoglio innanzitutto ringraziare il Presidente per ci\u00f2 che ha fatto. So quali sono le sue idee e faremo di tutto per realizzarle, la citt\u00e0 ha bisogno di ritrovare le categorie che le competono e questo sar\u00e0 possibile anche grazie al sostegno del pubblico: non solo gli uomini allo stadio, ma anche donne e bambini, le famiglie dovranno essere parte dello zoccolo duro della tifoseria.\u201d<br \/>\nDomenica avr\u00e0 inizio il Campionato di Serie D, che vedr\u00e0 il Messina impegnato nel neutro di Mugnano contro il Portici, ma Pietro Sciotto non si sente per nulla preoccupato in merito: \u201cSono sicuro che il Messina porti a casa qualche punto. La squadra \u00e8 gi\u00e0 fatta quindi non mi preoccupo pi\u00f9 di tanto, si pu\u00f2 far bene anche senza la figura del direttore sportivo.\u201d<br \/>\nE per il futuro si augura: \u201cSpero di riuscire a completare il Celeste entro fine Ottobre perch\u00e9 sogno che si entri in campo convinti che il calore dei tifosi faccia in modo di vincere ogni partita. Credete in noi perch\u00e9 tutti insieme andiamo avanti.\u201d<br \/>\nCi auguriamo che questa sia la volta buona per riscattare dieci anni di ingiustizie e dispiaceri per la tifoseria, e che sia un buon campionato!<br \/>\n<strong>Foto di Rocco Papandrea<\/strong><div id=\"div-gpt-ad-Messinaoggi.it-DSK-300x250-corpoart\" style=\"text-align:center;margin:0 auto;\"><\/div><\/p>\n<p style=\"text-align: right;\"><strong>Roberta Casagrande<\/strong><div id=\"videoincontent\" style=\"clear:both\";><\/div><\/p>\n","protected":false},"excerpt":{"rendered":"<p>Conferenza stampa di presentazione del nuovo Acr Messina alla presenza del sindaco Renato Accorinti, che assicura la massima disponibilit\u00e0 della giunta e augura il meglio alla nuova societ\u00e0 presieduta da Pietro Sciotto. Il patron della nuova Acr non nasconde le sue ambizioni e il desiderio di diventare presidente del Messina. \u201cHo avuto sempre il desiderio [&hellip;]<\/p>\n","protected":false},"author":2,"featured_media":7072,"comment_status":"closed","ping_status":"open","sticky":false,"template":"","format":"standard","meta":{"ub_ctt_via":"","_mi_skip_tracking":false},"categories":[10,6,9],"tags":[],"featured_image_src":"https:\/\/www.messinaoggi.it\/website\/wp-content\/uploads\/2017\/08\/ok-RRP_8952-2.jpg","author_info":{"display_name":"Redazione","author_link":"https:\/\/www.messinaoggi.it\/website\/author\/redazione\/"},"digistream_id":0,"digistream":false,"_links":{"self":[{"href":"https:\/\/www.messinaoggi.it\/website\/wp-json\/wp\/v2\/posts\/7076"}],"collection":[{"href":"https:\/\/www.messinaoggi.it\/website\/wp-json\/wp\/v2\/posts"}],"about":[{"href":"https:\/\/www.messinaoggi.it\/website\/wp-json\/wp\/v2\/types\/post"}],"author":[{"embeddable":true,"href":"https:\/\/www.messinaoggi.it\/website\/wp-json\/wp\/v2\/users\/2"}],"replies":[{"embeddable":true,"href":"https:\/\/www.messinaoggi.it\/website\/wp-json\/wp\/v2\/comments?post=7076"}],"version-history":[{"count":0,"href":"https:\/\/www.messinaoggi.it\/website\/wp-json\/wp\/v2\/posts\/7076\/revisions"}],"wp:featuredmedia":[{"embeddable":true,"href":"https:\/\/www.messinaoggi.it\/website\/wp-json\/wp\/v2\/media\/7072"}],"wp:attachment":[{"href":"https:\/\/www.messinaoggi.it\/website\/wp-json\/wp\/v2\/media?parent=7076"}],"wp:term":[{"taxonomy":"category","embeddable":true,"href":"https:\/\/www.messinaoggi.it\/website\/wp-json\/wp\/v2\/categories?post=7076"},{"taxonomy":"post_tag","embeddable":true,"href":"https:\/\/www.messinaoggi.it\/website\/wp-json\/wp\/v2\/tags?post=7076"}],"curies":[{"name":"wp","href":"https:\/\/api.w.org\/{rel}","templated":true}]}}