{"id":70717,"date":"2021-06-28T16:15:51","date_gmt":"2021-06-28T14:15:51","guid":{"rendered":"http:\/\/www.messinaoggi.it\/website\/?p=70717"},"modified":"2021-06-28T12:26:54","modified_gmt":"2021-06-28T10:26:54","slug":"calcio-football24-messina-cede-lesterno-mancino-vittorio-santoro-al-monza","status":"publish","type":"post","link":"https:\/\/www.messinaoggi.it\/website\/2021\/06\/28\/calcio-football24-messina-cede-lesterno-mancino-vittorio-santoro-al-monza\/","title":{"rendered":"CALCIO &#8211; Football24 Messina cede l&#8217;esterno mancino Vittorio Santoro al Monza"},"content":{"rendered":"\n<p>Prosegue il lavoro di valorizzazione giovani della Football24 Messina che, dopo aver ceduto Simone Ardizzone al Sassuolo, \u00e8 lieta di annunciare il passaggio del classe 2007 Vittorio Santoro al Monza.<div id=\"div-gpt-ad-Messinaoggi.it-DSK-300x250-corpoart\" style=\"text-align:center;margin:0 auto;\"><\/div><\/p>\n\n\n\n<p>Esterno mancino, Santoro \u00e8 stato uno dei primi iscritti della scuola calcio peloritana, entrando a far parte della famiglia Football24 nel 2013, a sei anni non ancora compiuti: \u201cGi\u00e0 allora era un calciatore scaltro &#8211; racconta Carmine Coppola &#8211; e faceva gi\u00e0 intravedere delle qualit\u00e0. L\u2019ho visto crescere, lui come tanti altri, e ogni volta che qualcuno di loro cambia squadra se ne va un pezzo di cuore. E in questa crescita di Vittorio va dato grande merito alla famiglia che non gli ha mai fatto pressioni e ha voluto solo che si divertisse, ma anche ai nostri mister, come Antonio Clemente che nella scorsa stagione lo ha aiutato sia sul piano tecnico che su quello caratteriale\u201d.<div id=\"videoincontent\" style=\"clear:both\";><\/div><\/p>\n\n\n\n<div class=\"wp-block-image\"><figure class=\"aligncenter size-large\"><img loading=\"lazy\" width=\"1024\" height=\"738\" src=\"https:\/\/www.messinaoggi.it\/website\/wp-content\/uploads\/2021\/06\/Una-foto-di-repertorio-di-Vittorio-Santoro-1024x738.jpg\" alt=\"\" class=\"wp-image-70719\" srcset=\"https:\/\/www.messinaoggi.it\/website\/wp-content\/uploads\/2021\/06\/Una-foto-di-repertorio-di-Vittorio-Santoro-1024x738.jpg 1024w, https:\/\/www.messinaoggi.it\/website\/wp-content\/uploads\/2021\/06\/Una-foto-di-repertorio-di-Vittorio-Santoro-300x216.jpg 300w, https:\/\/www.messinaoggi.it\/website\/wp-content\/uploads\/2021\/06\/Una-foto-di-repertorio-di-Vittorio-Santoro-768x554.jpg 768w, https:\/\/www.messinaoggi.it\/website\/wp-content\/uploads\/2021\/06\/Una-foto-di-repertorio-di-Vittorio-Santoro.jpg 1064w\" sizes=\"(max-width: 1024px) 100vw, 1024px\" \/><figcaption><em><strong>Una foto di repertorio di Vittorio Santoro<\/strong><\/em><\/figcaption><\/figure><\/div>\n\n\n\n<p>Il passaggio di Santoro al Monza arriva grazie all\u2019intuizione di Fabrizio Faro, osservatore di zona della societ\u00e0 lombarda, e Giovanni De Angelis, Responsabile dell&#8217;area scout biancorossa. Loro sono stati anche i primi a interfacciarsi con Daniele e Giusi, i genitori di Vittorio, visibilmente emozionati per la nuova avventura che attende il figlio: <\/p>\n\n\n\n<p>\u201c<em>Giocare a calcio \u00e8 il suo sogno<\/em> &#8211; dicono &#8211; n<em>on vede l\u2019ora di iniziare questa nuova esperienza a Monza e noi siamo al suo fianco per accontentarlo, anche perch\u00e9 lo vediamo tranquillo. Certo, da genitori la preoccupazione c\u2019\u00e8 sempre, perch\u00e9 resta sempre il nostro ragazzino, ma lo sproneremo a fare sempre meglio. In questi anni abbiamo visto Vittorio crescere calcisticamente e umanamente grazie alla costante presenza di tutto lo staff della Football24 e, per questo, ringraziamo Carmine Coppola e Massimo Drago per tutto quello che hanno fatto. Ci siamo affidati totalmente a loro e non potevamo fare scelta migliore. E poi i mister, Filiciotto che lo ha aiutato tanto negli ultimi anni, Giorgianni, Cassisi e Centorrino, il suo primo allenatore. Adesso inizia questa nuova avventura a Monza e un altro ringraziamento lo vogliamo mandare a Fabrizio Faro, persona perbene che c\u2019\u00e8 stata accanto in queste settimane, chiarendo ogni nostro dubbio\u201d<\/em>.<\/p>\n\n\n\n<div class=\"wp-block-image\"><figure class=\"aligncenter size-large\"><img loading=\"lazy\" width=\"576\" height=\"1024\" src=\"https:\/\/www.messinaoggi.it\/website\/wp-content\/uploads\/2021\/06\/Vittorio-Santoro-con-la-maglia-del-Monza-576x1024.jpg\" alt=\"\" class=\"wp-image-70720\" srcset=\"https:\/\/www.messinaoggi.it\/website\/wp-content\/uploads\/2021\/06\/Vittorio-Santoro-con-la-maglia-del-Monza-576x1024.jpg 576w, https:\/\/www.messinaoggi.it\/website\/wp-content\/uploads\/2021\/06\/Vittorio-Santoro-con-la-maglia-del-Monza-169x300.jpg 169w, https:\/\/www.messinaoggi.it\/website\/wp-content\/uploads\/2021\/06\/Vittorio-Santoro-con-la-maglia-del-Monza-768x1365.jpg 768w, https:\/\/www.messinaoggi.it\/website\/wp-content\/uploads\/2021\/06\/Vittorio-Santoro-con-la-maglia-del-Monza-864x1536.jpg 864w, https:\/\/www.messinaoggi.it\/website\/wp-content\/uploads\/2021\/06\/Vittorio-Santoro-con-la-maglia-del-Monza.jpg 900w\" sizes=\"(max-width: 576px) 100vw, 576px\" \/><figcaption><em><strong>Vittorio Santoro con la maglia del Monza<\/strong><\/em><\/figcaption><\/figure><\/div>\n\n\n\n<p>Il passaggio di Santoro al Monza e quello di Ardizzone al Sassuolo testimoniano l\u2019attenzione rivolta dai massimi livelli calcistici nazionali alla Football24, societ\u00e0 nata appena otto anni fa: <\/p>\n\n\n\n<p>\u201c<em>Siamo partiti nella struttura di Via Sciascia con i campi da calcetto <\/em>&#8211; ricorda Coppola &#8211; <em>e poi abbiamo avviato il progetto della scuola calcio. Il primo anno abbiamo avuto subito pi\u00f9 di cento iscritti, un boom che non ci aspettavamo, perch\u00e9 l\u2019obiettivo iniziale era averne una cinquantina. Da l\u00ec \u00e8 partita una crescita esponenziale, la nascita del settore giovanile, le vittorie sia nei campionati provinciali che in quelli regionali, con formazioni nelle quali militavano anche Ettore Mazzeo, passato poi alla Virtus Entella, o il portiere Alessandro Russo, adesso al Sassuolo che presto potrebbe debuttare in Serie A e gi\u00e0 nel giro della Nazionali giovanili. <\/em><\/p>\n\n\n\n<p>&#8220;<em>Ma abbiamo ancora tanti ragazzi che sono in rampa di lancio &#8211;<\/em><strong> <\/strong>conclude Coppola<em> &#8211;  e il merito, oltre alle capacit\u00e0 dei nostri mister e alla organizzazione di Massimo Drago, va alle famiglie che si affidano a noi e con cui \u00e8 fondamentale avere un confronto schietto e sereno<\/em>\u201d.<\/p>\n","protected":false},"excerpt":{"rendered":"<p>Prosegue il lavoro di valorizzazione giovani della Football24 Messina che, dopo aver ceduto Simone Ardizzone al Sassuolo, \u00e8 lieta di annunciare il passaggio del classe 2007 Vittorio Santoro al Monza. Esterno mancino, Santoro \u00e8 stato uno dei primi iscritti della scuola calcio peloritana, entrando a far parte della famiglia Football24 nel 2013, a sei anni [&hellip;]<\/p>\n","protected":false},"author":17,"featured_media":70718,"comment_status":"open","ping_status":"open","sticky":false,"template":"","format":"standard","meta":{"ub_ctt_via":"","_mi_skip_tracking":false},"categories":[10,9],"tags":[2314,2384],"featured_image_src":"https:\/\/www.messinaoggi.it\/website\/wp-content\/uploads\/2021\/06\/Massimo-Drago-Carmine-Coppola-Vittorio-Santoro-e-Pasquale-Filiciotto.jpg","author_info":{"display_name":"Giuseppe Luppino","author_link":"https:\/\/www.messinaoggi.it\/website\/author\/g-luppino\/"},"digistream_id":0,"digistream":false,"_links":{"self":[{"href":"https:\/\/www.messinaoggi.it\/website\/wp-json\/wp\/v2\/posts\/70717"}],"collection":[{"href":"https:\/\/www.messinaoggi.it\/website\/wp-json\/wp\/v2\/posts"}],"about":[{"href":"https:\/\/www.messinaoggi.it\/website\/wp-json\/wp\/v2\/types\/post"}],"author":[{"embeddable":true,"href":"https:\/\/www.messinaoggi.it\/website\/wp-json\/wp\/v2\/users\/17"}],"replies":[{"embeddable":true,"href":"https:\/\/www.messinaoggi.it\/website\/wp-json\/wp\/v2\/comments?post=70717"}],"version-history":[{"count":2,"href":"https:\/\/www.messinaoggi.it\/website\/wp-json\/wp\/v2\/posts\/70717\/revisions"}],"predecessor-version":[{"id":70722,"href":"https:\/\/www.messinaoggi.it\/website\/wp-json\/wp\/v2\/posts\/70717\/revisions\/70722"}],"wp:featuredmedia":[{"embeddable":true,"href":"https:\/\/www.messinaoggi.it\/website\/wp-json\/wp\/v2\/media\/70718"}],"wp:attachment":[{"href":"https:\/\/www.messinaoggi.it\/website\/wp-json\/wp\/v2\/media?parent=70717"}],"wp:term":[{"taxonomy":"category","embeddable":true,"href":"https:\/\/www.messinaoggi.it\/website\/wp-json\/wp\/v2\/categories?post=70717"},{"taxonomy":"post_tag","embeddable":true,"href":"https:\/\/www.messinaoggi.it\/website\/wp-json\/wp\/v2\/tags?post=70717"}],"curies":[{"name":"wp","href":"https:\/\/api.w.org\/{rel}","templated":true}]}}