{"id":70696,"date":"2021-06-28T08:04:07","date_gmt":"2021-06-28T06:04:07","guid":{"rendered":"http:\/\/www.messinaoggi.it\/website\/?p=70696"},"modified":"2023-12-03T02:25:48","modified_gmt":"2023-12-03T01:25:48","slug":"coronavirus-addio-alle-mascherine-allaperto","status":"publish","type":"post","link":"https:\/\/www.messinaoggi.it\/website\/2021\/06\/28\/coronavirus-addio-alle-mascherine-allaperto\/","title":{"rendered":"Coronavirus, addio alle mascherine all&#8217;aperto"},"content":{"rendered":"\n<p>Da oggi addio alle mascherine, seppur solo all&#8217;aperto. Con l&#8217;Italia che si colora interamente di bianco (sino ad oggi mancava all&#8217;appello la sola Valle d&#8217;Aosta), il governo italiano, anche in vista dell&#8217;inizio dell&#8217;estate, ha abolito l&#8217;obbligo di indossare le mascherine nei luoghi aperti, fermo restando il divieto di trovarsi in luoghi affollati e l&#8217;obbligo di rispettare il distanziamento sociale.<div id=\"div-gpt-ad-Messinaoggi.it-DSK-300x250-corpoart\" style=\"text-align:center;margin:0 auto;\"><\/div><\/p>\n\n\n\n<p>Si tratta della fine di una prescrizione che durava ormai da quasi un anno, anche se nelle ultime settimane, con il sopraggiungere delle giornate calde, sempre pi\u00f9 persone avevano iniziato a non indossare correttamente le mascherine, specie nei luoghi aperti. Mettere la parola fine all&#8217;uso delle mascherine, per\u00f2, non significa abbassare la guardia. \u00c8 vero che la campagna vaccinale prosegue a ritmo spedito, ed \u00e8 altres\u00ec vero che con l&#8217;estate e la conseguente propensione delle persone a stare nei luoghi aperti il virus circola con maggiori difficolt\u00e0, ma la variante delta, pi\u00f9 contagiosa rispetto alle varianti attualmente predominanti, \u00e8 dietro l&#8217;angolo, con il rischio di vanificare gli sforzi sinora fatti.<div id=\"videoincontent\" style=\"clear:both\";><\/div><\/p>\n\n\n\n<p>In ogni caso, l&#8217;obbligo della mascherina cade all&#8217;aperto. Nei luoghi chiusi, invece, bisogner\u00e0 continuare ad usarla. Il che significa che dovremo continuare a portare con noi un dispositivo di protezione individuale, perch\u00e9 senza di esso non potremo entrare nelle attivit\u00e0, siano esse commerciali (negozi, supermercati, e cos\u00ec via), siano esse culturali-ricreative (musei, cinema e teatri). L&#8217;obbligo, tra l&#8217;altro, \u00e8 previsto anche all&#8217;interno dei mezzi di trasporto pubblico.<\/p>\n\n\n\n<p>Infine, preme evidenziare che la caduta della prescrizione \u00e8 condizionata al colore della regione. Ci\u00f2 significa che non si tratta di una decisione definitiva, ma che sar\u00e0 valida sino a quando la regione interessata sar\u00e0 in zona bianca. Baster\u00e0 pertanto che la Sicilia retroceda in zona gialla affinch\u00e9, anche in estate, l&#8217;obbligo della mascherina all&#8217;aperto torni nuovamente in vigore. Un motivo in pi\u00f9 per non abbassare la guardia se vogliamo continuare a respirare questa sorta di ritorno alla quasi normalit\u00e0.<\/p>\n","protected":false},"excerpt":{"rendered":"<p>Da oggi addio alle mascherine, seppur solo all&#8217;aperto. Con l&#8217;Italia che si colora interamente di bianco (sino ad oggi mancava all&#8217;appello la sola Valle d&#8217;Aosta), il governo italiano, anche in vista dell&#8217;inizio dell&#8217;estate, ha abolito l&#8217;obbligo di indossare le mascherine nei luoghi aperti, fermo restando il divieto di trovarsi in luoghi affollati e l&#8217;obbligo di [&hellip;]<\/p>\n","protected":false},"author":8,"featured_media":41330,"comment_status":"open","ping_status":"open","sticky":false,"template":"","format":"standard","meta":{"ub_ctt_via":"","_mi_skip_tracking":false},"categories":[221],"tags":[223],"featured_image_src":"https:\/\/www.messinaoggi.it\/website\/wp-content\/uploads\/2020\/03\/mascherine.jpg","author_info":{"display_name":"red..me","author_link":"https:\/\/www.messinaoggi.it\/website\/author\/redstage\/"},"digistream_id":0,"digistream":false,"_links":{"self":[{"href":"https:\/\/www.messinaoggi.it\/website\/wp-json\/wp\/v2\/posts\/70696"}],"collection":[{"href":"https:\/\/www.messinaoggi.it\/website\/wp-json\/wp\/v2\/posts"}],"about":[{"href":"https:\/\/www.messinaoggi.it\/website\/wp-json\/wp\/v2\/types\/post"}],"author":[{"embeddable":true,"href":"https:\/\/www.messinaoggi.it\/website\/wp-json\/wp\/v2\/users\/8"}],"replies":[{"embeddable":true,"href":"https:\/\/www.messinaoggi.it\/website\/wp-json\/wp\/v2\/comments?post=70696"}],"version-history":[{"count":5,"href":"https:\/\/www.messinaoggi.it\/website\/wp-json\/wp\/v2\/posts\/70696\/revisions"}],"predecessor-version":[{"id":179344,"href":"https:\/\/www.messinaoggi.it\/website\/wp-json\/wp\/v2\/posts\/70696\/revisions\/179344"}],"wp:featuredmedia":[{"embeddable":true,"href":"https:\/\/www.messinaoggi.it\/website\/wp-json\/wp\/v2\/media\/41330"}],"wp:attachment":[{"href":"https:\/\/www.messinaoggi.it\/website\/wp-json\/wp\/v2\/media?parent=70696"}],"wp:term":[{"taxonomy":"category","embeddable":true,"href":"https:\/\/www.messinaoggi.it\/website\/wp-json\/wp\/v2\/categories?post=70696"},{"taxonomy":"post_tag","embeddable":true,"href":"https:\/\/www.messinaoggi.it\/website\/wp-json\/wp\/v2\/tags?post=70696"}],"curies":[{"name":"wp","href":"https:\/\/api.w.org\/{rel}","templated":true}]}}