{"id":70428,"date":"2021-06-25T18:08:34","date_gmt":"2021-06-25T16:08:34","guid":{"rendered":"https:\/\/www.messinaoggi.it\/website\/2021\/06\/25\/graziani-italia-tra-le-prime-quattro-poi-non-sara-facile\/"},"modified":"2021-06-25T18:30:57","modified_gmt":"2021-06-25T16:30:57","slug":"graziani-italia-tra-le-prime-quattro-poi-non-sara-facile","status":"publish","type":"post","link":"https:\/\/www.messinaoggi.it\/website\/2021\/06\/25\/graziani-italia-tra-le-prime-quattro-poi-non-sara-facile\/","title":{"rendered":"Graziani \u201cItalia tra le prime quattro, poi non sar\u00e0 facile\u201d"},"content":{"rendered":"<div>ROMA (ITALPRESS) &#8211; &#8220;E&#8217; un campionato europeo bellissimo ma anche molto difficile, speriamo di avere anche un pizzico di fortuna che serve sempre&#8221;. A dirlo \u00e8 Francesco Graziani, ex centravanti di Torino, Fiorentina e Roma, ma anche tecnico e dirigente sportivo. Intervenuto nel corso della settima puntata della rubrica Italpress &#8220;Primo Piano speciale Euro2020&#8221;, condotta da Claudio Brachino, alla vigilia del match degli ottavi di finale contro l&#8217;Austria, Graziani si \u00e8 soffermato sul percorso fatto fin qui dagli azzurri ad Euro 2020. &#8220;L&#8217;Italia pu\u00f2 arrivare tra le prime quattro, poi da l\u00ec in poi non sar\u00e0 facile. Per l&#8217;Italia l&#8217;europeo inizia adesso. Che passavamo il girone lo sapevamo, inutile nascondersi. Non pensavamo di passare cos\u00ec brillantemente, facendo 9 punti e con tutto questo entusiasmo e passione attorno alla squadra. Ma il vero campionato inizia adesso, non si pu\u00f2 pi\u00f9 sbagliare una partita e gi\u00e0 con l&#8217;Austria non sar\u00e0 facile, ci faranno soffrire, poi qualora dovessimo passare avremo degli avversari davvero difficili (Belgio o Portogallo, ndr)&#8221;. Graziani ha anche detto la sua sugli attaccanti convocati da Mancini: &#8220;Immobile? Mancini ha fatto una scelta netta e certa &#8211; ha sottolineato il campione del mondo del 1982 -. Lui \u00e8 il titolare, l&#8217;alternativa \u00e8 Belotti e la sorpresa \u00e8 Raspadori, questa \u00e8 la gerarchia. Mancini ha fatto bene perch\u00e8 il dualismo non faceva bene a nessuno&#8221;. &#8220;Mi rivedo un p\u00f2 in Belotti &#8211; ha proseguito Graziani &#8211; per come si spende per i compagni e lotta, Ciro \u00e8 un ottimo calciatore e ha bisogno di tanto supporto degli esterni perch\u00e8 da solo ogni tanto fatica a coprire l&#8217;area, \u00e8 bravo intuitivo e sotto porta \u00e8 freddo, straordinario. Se potessi rubargli qualcosa gli ruberei proprio questo. Mi piace tanto questa nazionale, sono stato sorpreso da Berardi. Pur non avendo una grande esperienza a livello europeo mi sta sorprendendo sia in fase di copertura che offensiva \u00e8 un&#8217;arma in pi\u00f9 da sfruttare&#8221;. <br \/>(ITALPRESS).<\/div>\n<div id=\"div-gpt-ad-Messinaoggi.it-DSK-300x250-corpoart\" style=\"text-align:center;margin:0 auto;\"><\/div><\/p><div id=\"videoincontent\" style=\"clear:both\";><\/div>","protected":false},"excerpt":{"rendered":"<p>ROMA (ITALPRESS) &#8211; &#8220;E&#8217; un campionato europeo bellissimo ma anche molto difficile, speriamo di avere anche un pizzico di fortuna che serve sempre&#8221;. A dirlo \u00e8 Francesco Graziani, ex centravanti di Torino, Fiorentina e Roma, ma anche tecnico e dirigente sportivo. Intervenuto nel corso della settima puntata della rubrica Italpress &#8220;Primo Piano speciale Euro2020&#8221;, condotta [&hellip;]<\/p>\n","protected":false},"author":18,"featured_media":70429,"comment_status":"closed","ping_status":"closed","sticky":false,"template":"","format":"standard","meta":{"ub_ctt_via":"","_mi_skip_tracking":false},"categories":[10,446,9],"tags":[783],"featured_image_src":"https:\/\/www.messinaoggi.it\/website\/wp-content\/uploads\/2021\/06\/20210625_1748.jpg","author_info":{"display_name":"Admin","author_link":"https:\/\/www.messinaoggi.it\/website\/author\/admin\/"},"digistream_id":0,"digistream":false,"_links":{"self":[{"href":"https:\/\/www.messinaoggi.it\/website\/wp-json\/wp\/v2\/posts\/70428"}],"collection":[{"href":"https:\/\/www.messinaoggi.it\/website\/wp-json\/wp\/v2\/posts"}],"about":[{"href":"https:\/\/www.messinaoggi.it\/website\/wp-json\/wp\/v2\/types\/post"}],"author":[{"embeddable":true,"href":"https:\/\/www.messinaoggi.it\/website\/wp-json\/wp\/v2\/users\/18"}],"replies":[{"embeddable":true,"href":"https:\/\/www.messinaoggi.it\/website\/wp-json\/wp\/v2\/comments?post=70428"}],"version-history":[{"count":1,"href":"https:\/\/www.messinaoggi.it\/website\/wp-json\/wp\/v2\/posts\/70428\/revisions"}],"predecessor-version":[{"id":70430,"href":"https:\/\/www.messinaoggi.it\/website\/wp-json\/wp\/v2\/posts\/70428\/revisions\/70430"}],"wp:featuredmedia":[{"embeddable":true,"href":"https:\/\/www.messinaoggi.it\/website\/wp-json\/wp\/v2\/media\/70429"}],"wp:attachment":[{"href":"https:\/\/www.messinaoggi.it\/website\/wp-json\/wp\/v2\/media?parent=70428"}],"wp:term":[{"taxonomy":"category","embeddable":true,"href":"https:\/\/www.messinaoggi.it\/website\/wp-json\/wp\/v2\/categories?post=70428"},{"taxonomy":"post_tag","embeddable":true,"href":"https:\/\/www.messinaoggi.it\/website\/wp-json\/wp\/v2\/tags?post=70428"}],"curies":[{"name":"wp","href":"https:\/\/api.w.org\/{rel}","templated":true}]}}